{"id":28486,"date":"2024-09-26T18:00:00","date_gmt":"2024-09-26T22:00:00","guid":{"rendered":"https:\/\/bi.mtess.gov.py\/v1\/?p=28486"},"modified":"2024-11-13T07:14:03","modified_gmt":"2024-11-13T11:14:03","slug":"mtess-expuso-avances-y-desafios-en-la-lucha-contra-el-trabajo-infantil-ante-el-parlasur","status":"publish","type":"post","link":"https:\/\/www.mtess.gov.py\/?p=28486","title":{"rendered":"MTESS expuso avances y desaf\u00edos en la lucha contra el trabajo infantil ante el PARLASUR"},"content":{"rendered":"<p>El evento tuvo como objetivo analizar y debatir sobre las estrategias para erradicar el trabajo infantil en la regi\u00f3n.  En este \u00e1mbito, la directora general de Protecci\u00f3n a la Ni\u00f1ez y Adolescencia del MTESS, Laura D\u00edaz, present\u00f3 la situaci\u00f3n de la problem\u00e1tica en Paraguay, as\u00ed como los objetivos de la Estrategia de Prevenci\u00f3n y Erradicaci\u00f3n del Trabajo Infantil y Protecci\u00f3n del Trabajo Adolescente que viene implementando el pa\u00eds. <\/p>\n<p>Mencion\u00f3 que los esfuerzos se focalizan en las peores formas de trabajo infantil y en los ni\u00f1os, ni\u00f1as y adolescentes en riesgo, buscando generar ingresos para sus familias, capacitar y sensibilizar a las mismas, as\u00ed como a actores claves de la sociedad sobre los derechos de la ni\u00f1ez, adem\u00e1s del control efectivo del trabajo de los adolescentes. <\/p>\n<p>Igualmente, inform\u00f3 sobre las acciones llevadas a cabo para el fortalecimiento de la Comisi\u00f3n Nacional para la Erradicaci\u00f3n del Trabajo Infantil y Protecci\u00f3n del Trabajo Adolescente (CONAETI). Cit\u00f3 la  implementaci\u00f3n de comisiones departamentales en las zonas m\u00e1s vulnerables a este flagelo, como Amambay, San Pedro y Boquer\u00f3n y pr\u00f3ximamente en Itap\u00faa. <\/p>\n<p>Asimismo, resalt\u00f3 la ejecuci\u00f3n del proyecto AMPLIAR, junto con la OIT y el apoyo del Departamento de Trabajo de los Estados Unidos (USDOL), para la promoci\u00f3n del trabajo decente en el sector ganadero del Chaco. <\/p>\n<p>En otro momento, comunic\u00f3 la reciente instalaci\u00f3n de la primera Mesa Binacional de Frontera para la Prevenci\u00f3n y Erradicaci\u00f3n del Trabajo Infantil en el MERCOSUR, entre Encarnaci\u00f3n y Posadas. <\/p>\n<p>Como desaf\u00edos, mencion\u00f3 la elaboraci\u00f3n de la nueva Estrategia Nacional de Prevenci\u00f3n y Erradicaci\u00f3n del Trabajo Infantil para el periodo 2025-2029, la conformaci\u00f3n de m\u00e1s Comisiones Departamentales de Erradicaci\u00f3n del Trabajo Infantil (CODETIS), la implementaci\u00f3n efectiva del Registro Adolescente Trabajador (RAT digital) en todos los municipios del pa\u00eds, y seguir trabajando en la instalaci\u00f3n de m\u00e1s mesas de fronteras en otros puntos del MERCOSUR.<\/p>\n","protected":false},"excerpt":{"rendered":"<p>Los resultados alcanzados y los pr\u00f3ximos pasos que pretende dar el pa\u00eds en la lucha contra el trabajo infantil expuso el Ministerio de Trabajo, Empleo y Seguridad Social (MTESS) durante el Foro Regional Contra el Trabajo Infantil del MERCOSUR, organizado en Asunci\u00f3n por la Comisi\u00f3n de Trabajo, Pol\u00edticas de Empleo, Seguridad Social y Econom\u00eda Social del PARLASUR.<\/p>\n","protected":false},"author":7,"featured_media":28988,"comment_status":"open","ping_status":"open","sticky":false,"template":"","format":"standard","meta":{"_acf_changed":false,"_uag_custom_page_level_css":"","footnotes":""},"categories":[1],"tags":[],"class_list":["post-28486","post","type-post","status-publish","format-standard","has-post-thumbnail","hentry","category-sin-categoria"],"acf":[],"uagb_featured_image_src":{"full":["https:\/\/www.mtess.gov.py\/wp-content\/uploads\/2024\/11\/xWhatsApp_Image_2024-09-27_at_07.52.26.jpeg.pagespeed.ic_.W296UPcZH_.jpg",1200,800,false],"thumbnail":["https:\/\/www.mtess.gov.py\/wp-content\/uploads\/2024\/11\/xWhatsApp_Image_2024-09-27_at_07.52.26.jpeg.pagespeed.ic_.W296UPcZH_-150x150.jpg",150,150,true],"medium":["https:\/\/www.mtess.gov.py\/wp-content\/uploads\/2024\/11\/xWhatsApp_Image_2024-09-27_at_07.52.26.jpeg.pagespeed.ic_.W296UPcZH_-300x200.jpg",300,200,true],"medium_large":["https:\/\/www.mtess.gov.py\/wp-content\/uploads\/2024\/11\/xWhatsApp_Image_2024-09-27_at_07.52.26.jpeg.pagespeed.ic_.W296UPcZH_-768x512.jpg",768,512,true],"large":["https:\/\/www.mtess.gov.py\/wp-content\/uploads\/2024\/11\/xWhatsApp_Image_2024-09-27_at_07.52.26.jpeg.pagespeed.ic_.W296UPcZH_-300x200.jpg",300,200,true],"1536x1536":["https:\/\/www.mtess.gov.py\/wp-content\/uploads\/2024\/11\/xWhatsApp_Image_2024-09-27_at_07.52.26.jpeg.pagespeed.ic_.W296UPcZH_.jpg",1200,800,false],"2048x2048":["https:\/\/www.mtess.gov.py\/wp-content\/uploads\/2024\/11\/xWhatsApp_Image_2024-09-27_at_07.52.26.jpeg.pagespeed.ic_.W296UPcZH_.jpg",1200,800,false],"depicter-thumbnail":["https:\/\/www.mtess.gov.py\/wp-content\/uploads\/2024\/11\/xWhatsApp_Image_2024-09-27_at_07.52.26.jpeg.pagespeed.ic_.W296UPcZH_.jpg",200,133,false]},"uagb_author_info":{"display_name":"Lucas Santacruz","author_link":"https:\/\/www.mtess.gov.py\/?author=7"},"uagb_comment_info":0,"uagb_excerpt":"Los resultados alcanzados y los pr\u00f3ximos pasos que pretende dar el pa\u00eds en la lucha contra el trabajo infantil expuso el Ministerio de Trabajo, Empleo y Seguridad Social (MTESS) durante el Foro Regional Contra el Trabajo Infantil del MERCOSUR, organizado en Asunci\u00f3n por la Comisi\u00f3n de Trabajo, Pol\u00edticas de Empleo, Seguridad Social y Econom\u00eda Social&hellip;","_links":{"self":[{"href":"https:\/\/www.mtess.gov.py\/index.php?rest_route=\/wp\/v2\/posts\/28486","targetHints":{"allow":["GET"]}}],"collection":[{"href":"https:\/\/www.mtess.gov.py\/index.php?rest_route=\/wp\/v2\/posts"}],"about":[{"href":"https:\/\/www.mtess.gov.py\/index.php?rest_route=\/wp\/v2\/types\/post"}],"author":[{"embeddable":true,"href":"https:\/\/www.mtess.gov.py\/index.php?rest_route=\/wp\/v2\/users\/7"}],"replies":[{"embeddable":true,"href":"https:\/\/www.mtess.gov.py\/index.php?rest_route=%2Fwp%2Fv2%2Fcomments&post=28486"}],"version-history":[{"count":1,"href":"https:\/\/www.mtess.gov.py\/index.php?rest_route=\/wp\/v2\/posts\/28486\/revisions"}],"predecessor-version":[{"id":28989,"href":"https:\/\/www.mtess.gov.py\/index.php?rest_route=\/wp\/v2\/posts\/28486\/revisions\/28989"}],"wp:featuredmedia":[{"embeddable":true,"href":"https:\/\/www.mtess.gov.py\/index.php?rest_route=\/wp\/v2\/media\/28988"}],"wp:attachment":[{"href":"https:\/\/www.mtess.gov.py\/index.php?rest_route=%2Fwp%2Fv2%2Fmedia&parent=28486"}],"wp:term":[{"taxonomy":"category","embeddable":true,"href":"https:\/\/www.mtess.gov.py\/index.php?rest_route=%2Fwp%2Fv2%2Fcategories&post=28486"},{"taxonomy":"post_tag","embeddable":true,"href":"https:\/\/www.mtess.gov.py\/index.php?rest_route=%2Fwp%2Fv2%2Ftags&post=28486"}],"curies":[{"name":"wp","href":"https:\/\/api.w.org\/{rel}","templated":true}]}}