{"id":28506,"date":"2024-09-05T16:06:00","date_gmt":"2024-09-05T20:06:00","guid":{"rendered":"https:\/\/bi.mtess.gov.py\/v1\/?p=28506"},"modified":"2024-11-12T13:35:26","modified_gmt":"2024-11-12T17:35:26","slug":"ministerio-de-trabajo-profundizara-modernizacion-laboral-para-aprovechar-avances-tecnologicos-y-grado-de-inversion","status":"publish","type":"post","link":"https:\/\/www.mtess.gov.py\/?p=28506","title":{"rendered":"Ministerio de Trabajo profundizar\u00e1 modernizaci\u00f3n laboral para aprovechar avances tecnol\u00f3gicos y grado de inversi\u00f3n"},"content":{"rendered":"<p>Durante el evento realizado este jueves, la ministra inform\u00f3 que, mediante el Decreto N\u00b01989 del 27 de junio, se redujeron las cargas administrativas relacionadas con la formalizaci\u00f3n obrero-patronal y las comunicaciones laborales. Adem\u00e1s, el portal EmpleaPy ha optimizado la intermediaci\u00f3n laboral. Tambi\u00e9n se ha modernizado el proceso de inspecci\u00f3n y fiscalizaci\u00f3n del trabajo para asegurar mayor transparencia y eficiencia en la protecci\u00f3n de los derechos laborales.<\/p>\n<p>En relaci\u00f3n con los desaf\u00edos de la Cuarta Revoluci\u00f3n Industrial y su impacto en el \u00e1mbito laboral, la ministra Recalde anunci\u00f3 que se profundizar\u00e1 la modernizaci\u00f3n de las normativas y procesos laborales para colocar a Paraguay a la vanguardia de la transformaci\u00f3n tecnol\u00f3gica y atraer nuevas inversiones.<\/p>\n<p>\u201cNuestro objetivo es que el buen entorno macroecon\u00f3mico del pa\u00eds, las mejores condiciones laborales y el incremento de las inversiones privadas se traduzcan en una mejora de la calidad de vida de los ciudadanos\u201d, afirm\u00f3.<\/p>\n<p>Acompa\u00f1aron el conversatorio los viceministros de Trabajo, C\u00e9sar Segovia, y de Empleo, Ver\u00f3nica L\u00f3pez, as\u00ed como la directora general de Fiscalizaci\u00f3n, Anah\u00ed Carballo, y el director de Registro Obrero Patronal, H\u00e9ctor Legal.<\/p>\n<p>Segovia destac\u00f3 que la Autoridad Administrativa del Trabajo ha liderado 55 reuniones tripartitas para resolver conflictos colectivos en los sectores p\u00fablico y privado, evitando as\u00ed huelgas y millonarias p\u00e9rdidas para las instituciones, empresas y el pa\u00eds durante los \u00faltimos 12 meses.<\/p>\n<p>El MTESS tambi\u00e9n logr\u00f3 aumentar en un 60% la eficiencia en la resoluci\u00f3n de conflictos individuales entre trabajadores y empleadores. Entre enero y junio de este a\u00f1o, los trabajadores recibieron G. 3.048 millones mediante mediaci\u00f3n, en comparaci\u00f3n con los G. 1.903 millones del semestre anterior.<\/p>\n<p>Finalmente, la viceministra de Empleo se\u00f1al\u00f3 que la implementaci\u00f3n de tecnolog\u00eda y la profesionalizaci\u00f3n del servicio p\u00fablico de empleo no solo mejoraron la intermediaci\u00f3n laboral, sino que tambi\u00e9n formalizaron el proceso de contrataci\u00f3n de nuevos trabajadores.<\/p>\n","protected":false},"excerpt":{"rendered":"<p>En un conversatorio con los gerentes de recursos humanos de la Asociaci\u00f3n Paraguaya de Recursos Humanos, la ministra de Trabajo, M\u00f3nica Recalde, present\u00f3 los avances en modernizaci\u00f3n laboral logrados durante su primer a\u00f1o de gesti\u00f3n y adelant\u00f3 que en 2025 se intensificar\u00e1n las reformas para aprovechar la revoluci\u00f3n tecnol\u00f3gica y fomentar la inversi\u00f3n en beneficio del bienestar ciudadano.<\/p>\n","protected":false},"author":7,"featured_media":28924,"comment_status":"open","ping_status":"open","sticky":false,"template":"","format":"standard","meta":{"_acf_changed":false,"_uag_custom_page_level_css":"","footnotes":""},"categories":[1],"tags":[],"class_list":["post-28506","post","type-post","status-publish","format-standard","has-post-thumbnail","hentry","category-sin-categoria"],"acf":[],"uagb_featured_image_src":{"full":["https:\/\/www.mtess.gov.py\/wp-content\/uploads\/2024\/11\/xWhatsApp_Image_2024-09-05_at_14.40.29.jpeg.pagespeed.ic_.ricsNVPd0P.webp",1200,800,false],"thumbnail":["https:\/\/www.mtess.gov.py\/wp-content\/uploads\/2024\/11\/xWhatsApp_Image_2024-09-05_at_14.40.29.jpeg.pagespeed.ic_.ricsNVPd0P-150x150.webp",150,150,true],"medium":["https:\/\/www.mtess.gov.py\/wp-content\/uploads\/2024\/11\/xWhatsApp_Image_2024-09-05_at_14.40.29.jpeg.pagespeed.ic_.ricsNVPd0P-300x200.webp",300,200,true],"medium_large":["https:\/\/www.mtess.gov.py\/wp-content\/uploads\/2024\/11\/xWhatsApp_Image_2024-09-05_at_14.40.29.jpeg.pagespeed.ic_.ricsNVPd0P-768x512.webp",768,512,true],"large":["https:\/\/www.mtess.gov.py\/wp-content\/uploads\/2024\/11\/xWhatsApp_Image_2024-09-05_at_14.40.29.jpeg.pagespeed.ic_.ricsNVPd0P-300x200.webp",300,200,true],"1536x1536":["https:\/\/www.mtess.gov.py\/wp-content\/uploads\/2024\/11\/xWhatsApp_Image_2024-09-05_at_14.40.29.jpeg.pagespeed.ic_.ricsNVPd0P.webp",1200,800,false],"2048x2048":["https:\/\/www.mtess.gov.py\/wp-content\/uploads\/2024\/11\/xWhatsApp_Image_2024-09-05_at_14.40.29.jpeg.pagespeed.ic_.ricsNVPd0P.webp",1200,800,false],"depicter-thumbnail":["https:\/\/www.mtess.gov.py\/wp-content\/uploads\/2024\/11\/xWhatsApp_Image_2024-09-05_at_14.40.29.jpeg.pagespeed.ic_.ricsNVPd0P.webp",200,133,false]},"uagb_author_info":{"display_name":"Lucas Santacruz","author_link":"https:\/\/www.mtess.gov.py\/?author=7"},"uagb_comment_info":0,"uagb_excerpt":"En un conversatorio con los gerentes de recursos humanos de la Asociaci\u00f3n Paraguaya de Recursos Humanos, la ministra de Trabajo, M\u00f3nica Recalde, present\u00f3 los avances en modernizaci\u00f3n laboral logrados durante su primer a\u00f1o de gesti\u00f3n y adelant\u00f3 que en 2025 se intensificar\u00e1n las reformas para aprovechar la revoluci\u00f3n tecnol\u00f3gica y fomentar la inversi\u00f3n en beneficio&hellip;","_links":{"self":[{"href":"https:\/\/www.mtess.gov.py\/index.php?rest_route=\/wp\/v2\/posts\/28506","targetHints":{"allow":["GET"]}}],"collection":[{"href":"https:\/\/www.mtess.gov.py\/index.php?rest_route=\/wp\/v2\/posts"}],"about":[{"href":"https:\/\/www.mtess.gov.py\/index.php?rest_route=\/wp\/v2\/types\/post"}],"author":[{"embeddable":true,"href":"https:\/\/www.mtess.gov.py\/index.php?rest_route=\/wp\/v2\/users\/7"}],"replies":[{"embeddable":true,"href":"https:\/\/www.mtess.gov.py\/index.php?rest_route=%2Fwp%2Fv2%2Fcomments&post=28506"}],"version-history":[{"count":1,"href":"https:\/\/www.mtess.gov.py\/index.php?rest_route=\/wp\/v2\/posts\/28506\/revisions"}],"predecessor-version":[{"id":28945,"href":"https:\/\/www.mtess.gov.py\/index.php?rest_route=\/wp\/v2\/posts\/28506\/revisions\/28945"}],"wp:featuredmedia":[{"embeddable":true,"href":"https:\/\/www.mtess.gov.py\/index.php?rest_route=\/wp\/v2\/media\/28924"}],"wp:attachment":[{"href":"https:\/\/www.mtess.gov.py\/index.php?rest_route=%2Fwp%2Fv2%2Fmedia&parent=28506"}],"wp:term":[{"taxonomy":"category","embeddable":true,"href":"https:\/\/www.mtess.gov.py\/index.php?rest_route=%2Fwp%2Fv2%2Fcategories&post=28506"},{"taxonomy":"post_tag","embeddable":true,"href":"https:\/\/www.mtess.gov.py\/index.php?rest_route=%2Fwp%2Fv2%2Ftags&post=28506"}],"curies":[{"name":"wp","href":"https:\/\/api.w.org\/{rel}","templated":true}]}}