{"id":28545,"date":"2023-02-17T20:42:00","date_gmt":"2023-02-18T00:42:00","guid":{"rendered":"https:\/\/bi.mtess.gov.py\/v1\/?p=28545"},"modified":"2023-02-17T20:42:00","modified_gmt":"2023-02-18T00:42:00","slug":"ministerio-de-trabajo-y-la-empresa-de-la-sobera-se-alian-para-formar-a-jovenes-en-la-modalidad-dual-4","status":"publish","type":"post","link":"https:\/\/www.mtess.gov.py\/?p=28545","title":{"rendered":"Ministerio de Trabajo y la empresa De la Sobera se al\u00edan para formar a j\u00f3venes en la modalidad dual"},"content":{"rendered":"<p><span style=\"font-size: 16px\"><span>El pr\u00f3ximo lunes 20 de febrero, a las 10:00, firmar\u00e1n un convenio para llevar adelante esta y otras actividades conjuntamente. La ceremonia que se realizar\u00e1 en la sede central del SNPP, situada en avenida Molas L\u00f3pez casi Aviadores del Chaco, Asunci\u00f3n.<\/span><\/span><\/p>\n<p><span style=\"font-size: 16px\"><span>El modelo de formaci\u00f3n dual es una modalidad de ense\u00f1anza que se basa en un r\u00e9gimen de capacitaci\u00f3n combinada, es decir con mayor tiempo de pr\u00e1ctica que se complementa con las clases te\u00f3ricas, conforme a un plan curricular. Su duraci\u00f3n es de dos a\u00f1os y los aprendices perciben un salario de la empresa, con seguro social del Instituto de Previsi\u00f3n Social (IPS). <\/span><\/span><\/p>\n<p><span style=\"font-size: 16px\"><span>  En esta primera etapa del Programa de Formaci\u00f3n Profesional Dual con la empresa De la Sobera los j\u00f3venes ser\u00e1n capacitados en las \u00e1reas administrativa y comercial.<\/span><\/span><\/p>\n","protected":false},"excerpt":{"rendered":"<p>El Ministerio de Trabajo, Empleo y Seguridad Social (MTESS) y la empresa De la Sobera se al\u00edan para capacitar a los j\u00f3venes mediante la modalidad dual, que implica 70 % de pr\u00e1ctica en las instalaciones de la firma y 30 % en aula, a trav\u00e9s del Servicio Nacional de Promoci\u00f3n Profesional (SNPP), ente dependiente de la cartera de Estado.<\/p>\n","protected":false},"author":7,"featured_media":0,"comment_status":"open","ping_status":"open","sticky":false,"template":"","format":"standard","meta":{"_acf_changed":false,"_uag_custom_page_level_css":"","footnotes":""},"categories":[1],"tags":[],"class_list":["post-28545","post","type-post","status-publish","format-standard","hentry","category-sin-categoria"],"acf":[],"uagb_featured_image_src":{"full":false,"thumbnail":false,"medium":false,"medium_large":false,"large":false,"1536x1536":false,"2048x2048":false,"depicter-thumbnail":false},"uagb_author_info":{"display_name":"Lucas Santacruz","author_link":"https:\/\/www.mtess.gov.py\/?author=7"},"uagb_comment_info":0,"uagb_excerpt":"El Ministerio de Trabajo, Empleo y Seguridad Social (MTESS) y la empresa De la Sobera se al\u00edan para capacitar a los j\u00f3venes mediante la modalidad dual, que implica 70 % de pr\u00e1ctica en las instalaciones de la firma y 30 % en aula, a trav\u00e9s del Servicio Nacional de Promoci\u00f3n Profesional (SNPP), ente dependiente de&hellip;","_links":{"self":[{"href":"https:\/\/www.mtess.gov.py\/index.php?rest_route=\/wp\/v2\/posts\/28545","targetHints":{"allow":["GET"]}}],"collection":[{"href":"https:\/\/www.mtess.gov.py\/index.php?rest_route=\/wp\/v2\/posts"}],"about":[{"href":"https:\/\/www.mtess.gov.py\/index.php?rest_route=\/wp\/v2\/types\/post"}],"author":[{"embeddable":true,"href":"https:\/\/www.mtess.gov.py\/index.php?rest_route=\/wp\/v2\/users\/7"}],"replies":[{"embeddable":true,"href":"https:\/\/www.mtess.gov.py\/index.php?rest_route=%2Fwp%2Fv2%2Fcomments&post=28545"}],"version-history":[{"count":0,"href":"https:\/\/www.mtess.gov.py\/index.php?rest_route=\/wp\/v2\/posts\/28545\/revisions"}],"wp:attachment":[{"href":"https:\/\/www.mtess.gov.py\/index.php?rest_route=%2Fwp%2Fv2%2Fmedia&parent=28545"}],"wp:term":[{"taxonomy":"category","embeddable":true,"href":"https:\/\/www.mtess.gov.py\/index.php?rest_route=%2Fwp%2Fv2%2Fcategories&post=28545"},{"taxonomy":"post_tag","embeddable":true,"href":"https:\/\/www.mtess.gov.py\/index.php?rest_route=%2Fwp%2Fv2%2Ftags&post=28545"}],"curies":[{"name":"wp","href":"https:\/\/api.w.org\/{rel}","templated":true}]}}