{"id":35271,"date":"2026-03-05T16:35:32","date_gmt":"2026-03-05T19:35:32","guid":{"rendered":"https:\/\/www.mtess.gov.py\/?p=35271"},"modified":"2026-03-05T16:35:33","modified_gmt":"2026-03-05T19:35:33","slug":"empleo-circular-ministra-de-trabajo-acompano-firma-de-contratos-laborales","status":"publish","type":"post","link":"https:\/\/www.mtess.gov.py\/?p=35271","title":{"rendered":"Empleo Circular: Ministra de Trabajo acompa\u00f1\u00f3 firma de contratos laborales"},"content":{"rendered":"\n<div class=\"wp-block-uagb-container uagb-block-35fceb8c alignfull uagb-is-root-container\"><div class=\"uagb-container-inner-blocks-wrap\">\n<p>La ministra de Trabajo, M\u00f3nica Recalde, acompa\u00f1\u00f3 este jueves a los trabajadores seleccionados durante el proceso de formalizaci\u00f3n de sus contratos para participar de la primera experiencia laboral internacional del programa de Empleo Circular Paraguay-Espa\u00f1a.<\/p>\n\n\n\n<p>Durante el encuentro, comparti\u00f3 con los postulantes, muchos de ellos provenientes de distintos puntos del pa\u00eds, quienes se preparan para desempe\u00f1arse en el sector agr\u00edcola espa\u00f1ol por un tiempo determinado.<\/p>\n\n\n\n<p>\u201cEste logro es resultado del esfuerzo de ustedes. Sean embajadores de nuestro pa\u00eds y, sobre todo, sean solidarios entre paraguayos\u201d, expres\u00f3 la titular de la cartera laboral.<\/p>\n\n\n\n<p>La ministra Recalde convers\u00f3 con los trabajadores sobre los proyectos de vida que esperan concretar a partir de esta experiencia laboral internacional y verific\u00f3 el proceso de firma de contratos, destacando el acompa\u00f1amiento del Estado para garantizar un empleo formal, seguro y con retorno asegurado al pa\u00eds.<\/p>\n\n\n\n<p>En esta etapa piloto, un centenar de trabajadores paraguayos tendr\u00e1 la oportunidad de adquirir experiencia en el sector agr\u00edcola espa\u00f1ol, con la posibilidad de regresar posteriormente al Paraguay para continuar su desarrollo laboral.<\/p>\n\n\n\n<p>Los seleccionados provienen de diferentes regiones del pa\u00eds y participaron de una convocatoria abierta a trav\u00e9s del portal <strong>EmpleaPy<\/strong>. El proceso incluy\u00f3 una rigurosa identificaci\u00f3n de perfiles para el trabajo rural, con el apoyo del Ministerio de Agricultura y la selecci\u00f3n final realizada por empresas espa\u00f1olas que forman parte del programa de Migraci\u00f3n Circular.<\/p>\n<\/div><\/div>\n","protected":false},"excerpt":{"rendered":"<p>La ministra de Trabajo, M\u00f3nica Recalde, acompa\u00f1\u00f3 este jueves a los trabajadores seleccionados durante el proceso de formalizaci\u00f3n de sus contratos para participar de la primera experiencia laboral internacional del programa de Empleo Circular Paraguay-Espa\u00f1a. Durante el encuentro, comparti\u00f3 con los postulantes, muchos de ellos provenientes de distintos puntos del pa\u00eds, quienes se preparan para [&hellip;]<\/p>\n","protected":false},"author":12,"featured_media":35272,"comment_status":"open","ping_status":"open","sticky":false,"template":"","format":"standard","meta":{"_acf_changed":false,"_uag_custom_page_level_css":"","footnotes":""},"categories":[1],"tags":[],"class_list":["post-35271","post","type-post","status-publish","format-standard","has-post-thumbnail","hentry","category-sin-categoria"],"acf":[],"uagb_featured_image_src":{"full":["https:\/\/www.mtess.gov.py\/wp-content\/uploads\/2026\/03\/WhatsApp-Image-2026-03-05-at-2.07.49-PM-2.jpeg",1280,854,false],"thumbnail":["https:\/\/www.mtess.gov.py\/wp-content\/uploads\/2026\/03\/WhatsApp-Image-2026-03-05-at-2.07.49-PM-2-150x150.jpeg",150,150,true],"medium":["https:\/\/www.mtess.gov.py\/wp-content\/uploads\/2026\/03\/WhatsApp-Image-2026-03-05-at-2.07.49-PM-2-300x200.jpeg",300,200,true],"medium_large":["https:\/\/www.mtess.gov.py\/wp-content\/uploads\/2026\/03\/WhatsApp-Image-2026-03-05-at-2.07.49-PM-2-768x512.jpeg",768,512,true],"large":["https:\/\/www.mtess.gov.py\/wp-content\/uploads\/2026\/03\/WhatsApp-Image-2026-03-05-at-2.07.49-PM-2-300x200.jpeg",300,200,true],"1536x1536":["https:\/\/www.mtess.gov.py\/wp-content\/uploads\/2026\/03\/WhatsApp-Image-2026-03-05-at-2.07.49-PM-2.jpeg",1280,854,false],"2048x2048":["https:\/\/www.mtess.gov.py\/wp-content\/uploads\/2026\/03\/WhatsApp-Image-2026-03-05-at-2.07.49-PM-2.jpeg",1280,854,false],"depicter-thumbnail":["https:\/\/www.mtess.gov.py\/wp-content\/uploads\/2026\/03\/WhatsApp-Image-2026-03-05-at-2.07.49-PM-2-200x133.jpeg",200,133,true]},"uagb_author_info":{"display_name":"Nestor Noguera","author_link":"https:\/\/www.mtess.gov.py\/?author=12"},"uagb_comment_info":0,"uagb_excerpt":"La ministra de Trabajo, M\u00f3nica Recalde, acompa\u00f1\u00f3 este jueves a los trabajadores seleccionados durante el proceso de formalizaci\u00f3n de sus contratos para participar de la primera experiencia laboral internacional del programa de Empleo Circular Paraguay-Espa\u00f1a. Durante el encuentro, comparti\u00f3 con los postulantes, muchos de ellos provenientes de distintos puntos del pa\u00eds, quienes se preparan para&hellip;","_links":{"self":[{"href":"https:\/\/www.mtess.gov.py\/index.php?rest_route=\/wp\/v2\/posts\/35271","targetHints":{"allow":["GET"]}}],"collection":[{"href":"https:\/\/www.mtess.gov.py\/index.php?rest_route=\/wp\/v2\/posts"}],"about":[{"href":"https:\/\/www.mtess.gov.py\/index.php?rest_route=\/wp\/v2\/types\/post"}],"author":[{"embeddable":true,"href":"https:\/\/www.mtess.gov.py\/index.php?rest_route=\/wp\/v2\/users\/12"}],"replies":[{"embeddable":true,"href":"https:\/\/www.mtess.gov.py\/index.php?rest_route=%2Fwp%2Fv2%2Fcomments&post=35271"}],"version-history":[{"count":1,"href":"https:\/\/www.mtess.gov.py\/index.php?rest_route=\/wp\/v2\/posts\/35271\/revisions"}],"predecessor-version":[{"id":35273,"href":"https:\/\/www.mtess.gov.py\/index.php?rest_route=\/wp\/v2\/posts\/35271\/revisions\/35273"}],"wp:featuredmedia":[{"embeddable":true,"href":"https:\/\/www.mtess.gov.py\/index.php?rest_route=\/wp\/v2\/media\/35272"}],"wp:attachment":[{"href":"https:\/\/www.mtess.gov.py\/index.php?rest_route=%2Fwp%2Fv2%2Fmedia&parent=35271"}],"wp:term":[{"taxonomy":"category","embeddable":true,"href":"https:\/\/www.mtess.gov.py\/index.php?rest_route=%2Fwp%2Fv2%2Fcategories&post=35271"},{"taxonomy":"post_tag","embeddable":true,"href":"https:\/\/www.mtess.gov.py\/index.php?rest_route=%2Fwp%2Fv2%2Ftags&post=35271"}],"curies":[{"name":"wp","href":"https:\/\/api.w.org\/{rel}","templated":true}]}}