{"id":35281,"date":"2026-03-06T09:50:56","date_gmt":"2026-03-06T12:50:56","guid":{"rendered":"https:\/\/www.mtess.gov.py\/?p=35281"},"modified":"2026-03-06T09:50:56","modified_gmt":"2026-03-06T12:50:56","slug":"seleccionados-para-migracion-circular-se-capacitan-en-finanzas-y-habilidades-blandas","status":"publish","type":"post","link":"https:\/\/www.mtess.gov.py\/?p=35281","title":{"rendered":"Seleccionados para Migraci\u00f3n Circular se capacitan en finanzas y habilidades blandas"},"content":{"rendered":"\n<div class=\"wp-block-uagb-container uagb-block-100acea5 alignfull uagb-is-root-container\"><div class=\"uagb-container-inner-blocks-wrap\">\n<p>Como parte del acompa\u00f1amiento interinstitucional a los primeros trabajadores seleccionados para el Programa de Migraci\u00f3n Circular Paraguay\u2013Espa\u00f1a, profesionales del Sistema Nacional de Formaci\u00f3n y Capacitaci\u00f3n Laboral (Sinafocal) brindaron una capacitaci\u00f3n en finanzas personales y habilidades blandas, orientada a fortalecer su preparaci\u00f3n para esta experiencia laboral internacional.<\/p>\n\n\n\n<p>Las charlas se desarrollaron en la sede del Ministerio de Trabajo, en el marco de la jornada de firma de contratos de trabajo de los postulantes que fueron seleccionados para participar de esta experiencia piloto en el sector rural de Espa\u00f1a.<\/p>\n\n\n\n<p>Durante la capacitaci\u00f3n se abordaron aspectos relacionados con el manejo responsable de los ingresos, la planificaci\u00f3n financiera personal, as\u00ed como pautas b\u00e1sicas de convivencia, adaptaci\u00f3n cultural y habilidades para el desempe\u00f1o laboral, elementos considerados clave para el aprovechamiento de esta oportunidad laboral en el exterior.<\/p>\n\n\n\n<p>El Programa de Migraci\u00f3n Circular Paraguay\u2013Espa\u00f1a se implementa por primera vez y permitir\u00e1 a trabajadores paraguayos acceder a empleo formal en el sector agr\u00edcola espa\u00f1ol, en condiciones laborales seguras y con retorno garantizado al pa\u00eds una vez culminado el periodo de trabajo.<\/p>\n<\/div><\/div>\n","protected":false},"excerpt":{"rendered":"<p>Como parte del acompa\u00f1amiento interinstitucional a los primeros trabajadores seleccionados para el Programa de Migraci\u00f3n Circular Paraguay\u2013Espa\u00f1a, profesionales del Sistema Nacional de Formaci\u00f3n y Capacitaci\u00f3n Laboral (Sinafocal) brindaron una capacitaci\u00f3n en finanzas personales y habilidades blandas, orientada a fortalecer su preparaci\u00f3n para esta experiencia laboral internacional. Las charlas se desarrollaron en la sede del Ministerio [&hellip;]<\/p>\n","protected":false},"author":12,"featured_media":35282,"comment_status":"open","ping_status":"open","sticky":false,"template":"","format":"standard","meta":{"_acf_changed":false,"_uag_custom_page_level_css":"","footnotes":""},"categories":[1],"tags":[],"class_list":["post-35281","post","type-post","status-publish","format-standard","has-post-thumbnail","hentry","category-sin-categoria"],"acf":[],"uagb_featured_image_src":{"full":["https:\/\/www.mtess.gov.py\/wp-content\/uploads\/2026\/03\/WhatsApp-Image-2026-03-05-at-12.28.17-PM.jpeg",1280,854,false],"thumbnail":["https:\/\/www.mtess.gov.py\/wp-content\/uploads\/2026\/03\/WhatsApp-Image-2026-03-05-at-12.28.17-PM-150x150.jpeg",150,150,true],"medium":["https:\/\/www.mtess.gov.py\/wp-content\/uploads\/2026\/03\/WhatsApp-Image-2026-03-05-at-12.28.17-PM-300x200.jpeg",300,200,true],"medium_large":["https:\/\/www.mtess.gov.py\/wp-content\/uploads\/2026\/03\/WhatsApp-Image-2026-03-05-at-12.28.17-PM-768x512.jpeg",768,512,true],"large":["https:\/\/www.mtess.gov.py\/wp-content\/uploads\/2026\/03\/WhatsApp-Image-2026-03-05-at-12.28.17-PM-300x200.jpeg",300,200,true],"1536x1536":["https:\/\/www.mtess.gov.py\/wp-content\/uploads\/2026\/03\/WhatsApp-Image-2026-03-05-at-12.28.17-PM.jpeg",1280,854,false],"2048x2048":["https:\/\/www.mtess.gov.py\/wp-content\/uploads\/2026\/03\/WhatsApp-Image-2026-03-05-at-12.28.17-PM.jpeg",1280,854,false],"depicter-thumbnail":["https:\/\/www.mtess.gov.py\/wp-content\/uploads\/2026\/03\/WhatsApp-Image-2026-03-05-at-12.28.17-PM-200x133.jpeg",200,133,true]},"uagb_author_info":{"display_name":"Nestor Noguera","author_link":"https:\/\/www.mtess.gov.py\/?author=12"},"uagb_comment_info":0,"uagb_excerpt":"Como parte del acompa\u00f1amiento interinstitucional a los primeros trabajadores seleccionados para el Programa de Migraci\u00f3n Circular Paraguay\u2013Espa\u00f1a, profesionales del Sistema Nacional de Formaci\u00f3n y Capacitaci\u00f3n Laboral (Sinafocal) brindaron una capacitaci\u00f3n en finanzas personales y habilidades blandas, orientada a fortalecer su preparaci\u00f3n para esta experiencia laboral internacional. Las charlas se desarrollaron en la sede del Ministerio&hellip;","_links":{"self":[{"href":"https:\/\/www.mtess.gov.py\/index.php?rest_route=\/wp\/v2\/posts\/35281","targetHints":{"allow":["GET"]}}],"collection":[{"href":"https:\/\/www.mtess.gov.py\/index.php?rest_route=\/wp\/v2\/posts"}],"about":[{"href":"https:\/\/www.mtess.gov.py\/index.php?rest_route=\/wp\/v2\/types\/post"}],"author":[{"embeddable":true,"href":"https:\/\/www.mtess.gov.py\/index.php?rest_route=\/wp\/v2\/users\/12"}],"replies":[{"embeddable":true,"href":"https:\/\/www.mtess.gov.py\/index.php?rest_route=%2Fwp%2Fv2%2Fcomments&post=35281"}],"version-history":[{"count":1,"href":"https:\/\/www.mtess.gov.py\/index.php?rest_route=\/wp\/v2\/posts\/35281\/revisions"}],"predecessor-version":[{"id":35283,"href":"https:\/\/www.mtess.gov.py\/index.php?rest_route=\/wp\/v2\/posts\/35281\/revisions\/35283"}],"wp:featuredmedia":[{"embeddable":true,"href":"https:\/\/www.mtess.gov.py\/index.php?rest_route=\/wp\/v2\/media\/35282"}],"wp:attachment":[{"href":"https:\/\/www.mtess.gov.py\/index.php?rest_route=%2Fwp%2Fv2%2Fmedia&parent=35281"}],"wp:term":[{"taxonomy":"category","embeddable":true,"href":"https:\/\/www.mtess.gov.py\/index.php?rest_route=%2Fwp%2Fv2%2Fcategories&post=35281"},{"taxonomy":"post_tag","embeddable":true,"href":"https:\/\/www.mtess.gov.py\/index.php?rest_route=%2Fwp%2Fv2%2Ftags&post=35281"}],"curies":[{"name":"wp","href":"https:\/\/api.w.org\/{rel}","templated":true}]}}