{"id":35284,"date":"2026-03-06T11:40:55","date_gmt":"2026-03-06T14:40:55","guid":{"rendered":"https:\/\/www.mtess.gov.py\/?p=35284"},"modified":"2026-03-06T11:40:56","modified_gmt":"2026-03-06T14:40:56","slug":"estudiantes-reciben-informacion-sobre-seguridad-social-y-empleo-formal-joven","status":"publish","type":"post","link":"https:\/\/www.mtess.gov.py\/?p=35284","title":{"rendered":"Estudiantes reciben informaci\u00f3n sobre seguridad social y empleo formal joven"},"content":{"rendered":"\n<div class=\"wp-block-uagb-container uagb-block-fdaac337 alignfull uagb-is-root-container\"><div class=\"uagb-container-inner-blocks-wrap\">\n<p>El Ministerio de Trabajo comparti\u00f3 con estudiantes del colegio Centro Educativo Las Am\u00e9ricas, de Mariano Roque Alonso, una charla de capacitaci\u00f3n sobre seguridad social y empleo formal joven.<\/p>\n\n\n\n<p>Los j\u00f3venes recibieron informaci\u00f3n sobre los beneficios de la seguridad social, los derechos y obligaciones de los trabajadores formales y las oportunidades que ofrece el Programa EmpleaPy Joven, del Ministerio de Trabajo.<\/p>\n\n\n\n<p>La capacitaci\u00f3n estuvo a cargo de profesionales de la Direcci\u00f3n General de Seguridad Social y de la Direcci\u00f3n General de Empleo.<\/p>\n\n\n\n<p>Con este tipo de espacios de formaci\u00f3n, el Ministerio de Trabajo, Empleo y Seguridad Social apunta a fortalecer la cultura de la formalidad y que m\u00e1s j\u00f3venes conozcan los derechos laborales.<\/p>\n<\/div><\/div>\n","protected":false},"excerpt":{"rendered":"<p>El Ministerio de Trabajo comparti\u00f3 con estudiantes del colegio Centro Educativo Las Am\u00e9ricas, de Mariano Roque Alonso, una charla de capacitaci\u00f3n sobre seguridad social y empleo formal joven. Los j\u00f3venes recibieron informaci\u00f3n sobre los beneficios de la seguridad social, los derechos y obligaciones de los trabajadores formales y las oportunidades que ofrece el Programa EmpleaPy [&hellip;]<\/p>\n","protected":false},"author":12,"featured_media":35285,"comment_status":"open","ping_status":"open","sticky":false,"template":"","format":"standard","meta":{"_acf_changed":false,"_uag_custom_page_level_css":"","footnotes":""},"categories":[1],"tags":[],"class_list":["post-35284","post","type-post","status-publish","format-standard","has-post-thumbnail","hentry","category-sin-categoria"],"acf":[],"uagb_featured_image_src":{"full":["https:\/\/www.mtess.gov.py\/wp-content\/uploads\/2026\/03\/WhatsApp-Image-2026-03-06-at-10.19.47-AM-1.jpeg",1600,849,false],"thumbnail":["https:\/\/www.mtess.gov.py\/wp-content\/uploads\/2026\/03\/WhatsApp-Image-2026-03-06-at-10.19.47-AM-1-150x150.jpeg",150,150,true],"medium":["https:\/\/www.mtess.gov.py\/wp-content\/uploads\/2026\/03\/WhatsApp-Image-2026-03-06-at-10.19.47-AM-1-300x159.jpeg",300,159,true],"medium_large":["https:\/\/www.mtess.gov.py\/wp-content\/uploads\/2026\/03\/WhatsApp-Image-2026-03-06-at-10.19.47-AM-1-768x408.jpeg",768,408,true],"large":["https:\/\/www.mtess.gov.py\/wp-content\/uploads\/2026\/03\/WhatsApp-Image-2026-03-06-at-10.19.47-AM-1-300x159.jpeg",300,159,true],"1536x1536":["https:\/\/www.mtess.gov.py\/wp-content\/uploads\/2026\/03\/WhatsApp-Image-2026-03-06-at-10.19.47-AM-1-1536x815.jpeg",1536,815,true],"2048x2048":["https:\/\/www.mtess.gov.py\/wp-content\/uploads\/2026\/03\/WhatsApp-Image-2026-03-06-at-10.19.47-AM-1.jpeg",1600,849,false],"depicter-thumbnail":["https:\/\/www.mtess.gov.py\/wp-content\/uploads\/2026\/03\/WhatsApp-Image-2026-03-06-at-10.19.47-AM-1-200x106.jpeg",200,106,true]},"uagb_author_info":{"display_name":"Nestor Noguera","author_link":"https:\/\/www.mtess.gov.py\/?author=12"},"uagb_comment_info":0,"uagb_excerpt":"El Ministerio de Trabajo comparti\u00f3 con estudiantes del colegio Centro Educativo Las Am\u00e9ricas, de Mariano Roque Alonso, una charla de capacitaci\u00f3n sobre seguridad social y empleo formal joven. Los j\u00f3venes recibieron informaci\u00f3n sobre los beneficios de la seguridad social, los derechos y obligaciones de los trabajadores formales y las oportunidades que ofrece el Programa EmpleaPy&hellip;","_links":{"self":[{"href":"https:\/\/www.mtess.gov.py\/index.php?rest_route=\/wp\/v2\/posts\/35284","targetHints":{"allow":["GET"]}}],"collection":[{"href":"https:\/\/www.mtess.gov.py\/index.php?rest_route=\/wp\/v2\/posts"}],"about":[{"href":"https:\/\/www.mtess.gov.py\/index.php?rest_route=\/wp\/v2\/types\/post"}],"author":[{"embeddable":true,"href":"https:\/\/www.mtess.gov.py\/index.php?rest_route=\/wp\/v2\/users\/12"}],"replies":[{"embeddable":true,"href":"https:\/\/www.mtess.gov.py\/index.php?rest_route=%2Fwp%2Fv2%2Fcomments&post=35284"}],"version-history":[{"count":1,"href":"https:\/\/www.mtess.gov.py\/index.php?rest_route=\/wp\/v2\/posts\/35284\/revisions"}],"predecessor-version":[{"id":35286,"href":"https:\/\/www.mtess.gov.py\/index.php?rest_route=\/wp\/v2\/posts\/35284\/revisions\/35286"}],"wp:featuredmedia":[{"embeddable":true,"href":"https:\/\/www.mtess.gov.py\/index.php?rest_route=\/wp\/v2\/media\/35285"}],"wp:attachment":[{"href":"https:\/\/www.mtess.gov.py\/index.php?rest_route=%2Fwp%2Fv2%2Fmedia&parent=35284"}],"wp:term":[{"taxonomy":"category","embeddable":true,"href":"https:\/\/www.mtess.gov.py\/index.php?rest_route=%2Fwp%2Fv2%2Fcategories&post=35284"},{"taxonomy":"post_tag","embeddable":true,"href":"https:\/\/www.mtess.gov.py\/index.php?rest_route=%2Fwp%2Fv2%2Ftags&post=35284"}],"curies":[{"name":"wp","href":"https:\/\/api.w.org\/{rel}","templated":true}]}}