{"id":35288,"date":"2026-03-06T18:53:42","date_gmt":"2026-03-06T21:53:42","guid":{"rendered":"https:\/\/www.mtess.gov.py\/?p=35288"},"modified":"2026-03-06T18:53:43","modified_gmt":"2026-03-06T21:53:43","slug":"paraguay-destaca-el-dialogo-social-para-construir-politicas-de-trabajo-decente","status":"publish","type":"post","link":"https:\/\/www.mtess.gov.py\/?p=35288","title":{"rendered":"Paraguay destaca el di\u00e1logo social para construir pol\u00edticas de trabajo decente"},"content":{"rendered":"\n<p>Nuestro pa\u00eds concluy\u00f3 su participaci\u00f3n en la II Conferencia Nacional de Trabajo, desarrollada en la ciudad de S\u00e3o Paulo, bajo la organizaci\u00f3n del Ministerio de Trabajo y Empleo de Brasil.<\/p>\n\n\n\n<p>La delegaci\u00f3n paraguaya reflej\u00f3 el compromiso con el tripartismo, con la participaci\u00f3n de Wilson Netto, jefe del Departamento de Mediaci\u00f3n del Ministerio de Trabajo en representaci\u00f3n del Gobierno; Jos\u00e9 Pineda, por el sector trabajador; y Luis Gonz\u00e1lez Arias, por el sector empleador.<\/p>\n\n\n\n<p>En el marco del Panel de Cooperaci\u00f3n Sur-Sur, la delegaci\u00f3n nacional destac\u00f3 la importancia de estos espacios de intercambio, considerando el valor del di\u00e1logo social tripartito para construir pol\u00edticas p\u00fablicas leg\u00edtimas, sostenibles y alineadas con los principios del #trabajodecente.<\/p>\n\n\n\n<p>En Paraguay, este enfoque se refleja en el trabajo del Consejo Consultivo Tripartito, \u00f3rgano asesor integrado por representantes del Gobierno, de las organizaciones m\u00e1s representativas de trabajadores y de empleadores, que funciona como instancia permanente de deliberaci\u00f3n, consulta y formulaci\u00f3n de recomendaciones t\u00e9cnicas en materia laboral, de empleo y seguridad social.<\/p>\n\n\n\n<p>Asimismo, el Ministerio de Trabajo coordina otras instancias tripartitas especializadas como la Comisi\u00f3n Tripartita de Igualdad de Oportunidades, la Comisi\u00f3n Nacional para la Prevenci\u00f3n y Erradicaci\u00f3n del Trabajo Infantil, la Comisi\u00f3n Nacional de Derechos Fundamentales en el Trabajo y Prevenci\u00f3n del Trabajo Forzoso y el Consejo Nacional de Salarios M\u00ednimos.<\/p>\n","protected":false},"excerpt":{"rendered":"<p>Nuestro pa\u00eds concluy\u00f3 su participaci\u00f3n en la II Conferencia Nacional de Trabajo, desarrollada en la ciudad de S\u00e3o Paulo, bajo la organizaci\u00f3n del Ministerio de Trabajo y Empleo de Brasil. La delegaci\u00f3n paraguaya reflej\u00f3 el compromiso con el tripartismo, con la participaci\u00f3n de Wilson Netto, jefe del Departamento de Mediaci\u00f3n del Ministerio de Trabajo en [&hellip;]<\/p>\n","protected":false},"author":12,"featured_media":35289,"comment_status":"open","ping_status":"open","sticky":false,"template":"","format":"standard","meta":{"_acf_changed":false,"_uag_custom_page_level_css":"","footnotes":""},"categories":[1],"tags":[],"class_list":["post-35288","post","type-post","status-publish","format-standard","has-post-thumbnail","hentry","category-sin-categoria"],"acf":[],"uagb_featured_image_src":{"full":["https:\/\/www.mtess.gov.py\/wp-content\/uploads\/2026\/03\/WhatsApp-Image-2026-03-06-at-12.37.09-PM.jpeg",1424,699,false],"thumbnail":["https:\/\/www.mtess.gov.py\/wp-content\/uploads\/2026\/03\/WhatsApp-Image-2026-03-06-at-12.37.09-PM-150x150.jpeg",150,150,true],"medium":["https:\/\/www.mtess.gov.py\/wp-content\/uploads\/2026\/03\/WhatsApp-Image-2026-03-06-at-12.37.09-PM-300x147.jpeg",300,147,true],"medium_large":["https:\/\/www.mtess.gov.py\/wp-content\/uploads\/2026\/03\/WhatsApp-Image-2026-03-06-at-12.37.09-PM-768x377.jpeg",768,377,true],"large":["https:\/\/www.mtess.gov.py\/wp-content\/uploads\/2026\/03\/WhatsApp-Image-2026-03-06-at-12.37.09-PM-300x147.jpeg",300,147,true],"1536x1536":["https:\/\/www.mtess.gov.py\/wp-content\/uploads\/2026\/03\/WhatsApp-Image-2026-03-06-at-12.37.09-PM.jpeg",1424,699,false],"2048x2048":["https:\/\/www.mtess.gov.py\/wp-content\/uploads\/2026\/03\/WhatsApp-Image-2026-03-06-at-12.37.09-PM.jpeg",1424,699,false],"depicter-thumbnail":["https:\/\/www.mtess.gov.py\/wp-content\/uploads\/2026\/03\/WhatsApp-Image-2026-03-06-at-12.37.09-PM-200x98.jpeg",200,98,true]},"uagb_author_info":{"display_name":"Nestor Noguera","author_link":"https:\/\/www.mtess.gov.py\/?author=12"},"uagb_comment_info":0,"uagb_excerpt":"Nuestro pa\u00eds concluy\u00f3 su participaci\u00f3n en la II Conferencia Nacional de Trabajo, desarrollada en la ciudad de S\u00e3o Paulo, bajo la organizaci\u00f3n del Ministerio de Trabajo y Empleo de Brasil. La delegaci\u00f3n paraguaya reflej\u00f3 el compromiso con el tripartismo, con la participaci\u00f3n de Wilson Netto, jefe del Departamento de Mediaci\u00f3n del Ministerio de Trabajo en&hellip;","_links":{"self":[{"href":"https:\/\/www.mtess.gov.py\/index.php?rest_route=\/wp\/v2\/posts\/35288","targetHints":{"allow":["GET"]}}],"collection":[{"href":"https:\/\/www.mtess.gov.py\/index.php?rest_route=\/wp\/v2\/posts"}],"about":[{"href":"https:\/\/www.mtess.gov.py\/index.php?rest_route=\/wp\/v2\/types\/post"}],"author":[{"embeddable":true,"href":"https:\/\/www.mtess.gov.py\/index.php?rest_route=\/wp\/v2\/users\/12"}],"replies":[{"embeddable":true,"href":"https:\/\/www.mtess.gov.py\/index.php?rest_route=%2Fwp%2Fv2%2Fcomments&post=35288"}],"version-history":[{"count":1,"href":"https:\/\/www.mtess.gov.py\/index.php?rest_route=\/wp\/v2\/posts\/35288\/revisions"}],"predecessor-version":[{"id":35290,"href":"https:\/\/www.mtess.gov.py\/index.php?rest_route=\/wp\/v2\/posts\/35288\/revisions\/35290"}],"wp:featuredmedia":[{"embeddable":true,"href":"https:\/\/www.mtess.gov.py\/index.php?rest_route=\/wp\/v2\/media\/35289"}],"wp:attachment":[{"href":"https:\/\/www.mtess.gov.py\/index.php?rest_route=%2Fwp%2Fv2%2Fmedia&parent=35288"}],"wp:term":[{"taxonomy":"category","embeddable":true,"href":"https:\/\/www.mtess.gov.py\/index.php?rest_route=%2Fwp%2Fv2%2Fcategories&post=35288"},{"taxonomy":"post_tag","embeddable":true,"href":"https:\/\/www.mtess.gov.py\/index.php?rest_route=%2Fwp%2Fv2%2Ftags&post=35288"}],"curies":[{"name":"wp","href":"https:\/\/api.w.org\/{rel}","templated":true}]}}