{"id":35297,"date":"2026-03-09T17:04:07","date_gmt":"2026-03-09T20:04:07","guid":{"rendered":"https:\/\/www.mtess.gov.py\/?p=35297"},"modified":"2026-03-09T17:04:13","modified_gmt":"2026-03-09T20:04:13","slug":"mtess-sedeco-y-dinavisa-articulan-campanas-conjuntas-para-proteccion-ciudadana-y-laboral","status":"publish","type":"post","link":"https:\/\/www.mtess.gov.py\/?p=35297","title":{"rendered":"MTESS, Sedeco y Dinavisa articulan campa\u00f1as conjuntas para protecci\u00f3n ciudadana y laboral"},"content":{"rendered":"\n<div class=\"wp-block-uagb-container uagb-block-399855d5 alignfull uagb-is-root-container\"><div class=\"uagb-container-inner-blocks-wrap\">\n<p>La ministra de Trabajo, Empleo y Seguridad Social, M\u00f3nica Recalde, mantuvo este lunes una reuni\u00f3n de coordinaci\u00f3n con la ministra\u2013secretaria ejecutiva de la Secretar\u00eda de Defensa del Consumidor y el Usuario (Sedeco), Sara Ir\u00fan, y el director de la Direcci\u00f3n Nacional de Vigilancia Sanitaria (Dinavisa), Jorge Iliou, con el objetivo de articular acciones de control que garanticen la protecci\u00f3n de los trabajadores, los consumidores y la salud p\u00fablica.<\/p>\n\n\n\n<p>Como resultado de la reuni\u00f3n, las autoridades acordaron implementar campa\u00f1as de control conjuntas con el fin de reforzar el cumplimiento de las normativas vigentes relacionadas con las condiciones laborales, la protecci\u00f3n de los consumidores y la seguridad sanitaria.<\/p>\n\n\n\n<p>Al t\u00e9rmino del encuentro, la ministra Recalde destac\u00f3 la importancia de la articulaci\u00f3n interinstitucional para fortalecer la protecci\u00f3n ciudadana. \u201cEs importante hacer este trabajo conjunto y cumplir con la instrucci\u00f3n del presidente de la Rep\u00fablica, de poner primero a los ciudadanos, a los consumidores y a los trabajadores. Desde los pr\u00f3ximos d\u00edas nos ver\u00e1n en la calle trabajando en conjunto\u201d, anunci\u00f3.<\/p>\n\n\n\n<p>Por su parte, la ministra secretaria ejecutiva de Sedeco se\u00f1al\u00f3: \u201cCon la salud no se negocia, vamos a ser bastante estrictos con los controles, cada uno dentro del \u00e1mbito de su competencia, para que la ciudadan\u00eda sepa que vamos a estar protegiendo a los consumidores y a los trabajadores\u201d.<\/p>\n\n\n\n<p>A su turno, el director de Dinavisa, Jorge Iliou, indic\u00f3 que el trabajo articulado permitir\u00e1 abordar de manera integral los distintos aspectos vinculados a la protecci\u00f3n ciudadana.<\/p>\n\n\n\n<p>Las instituciones coincidieron en que la coordinaci\u00f3n permitir\u00e1 optimizar los mecanismos de control y fortalecer la presencia del Estado en territorio. Del encuentro tambi\u00e9n particip\u00f3 el viceministro de Trabajo, C\u00e9sar Segovia, junto con directores t\u00e9cnicos de las tres instituciones.<\/p>\n<\/div><\/div>\n","protected":false},"excerpt":{"rendered":"<p>La ministra de Trabajo, Empleo y Seguridad Social, M\u00f3nica Recalde, mantuvo este lunes una reuni\u00f3n de coordinaci\u00f3n con la ministra\u2013secretaria ejecutiva de la Secretar\u00eda de Defensa del Consumidor y el Usuario (Sedeco), Sara Ir\u00fan, y el director de la Direcci\u00f3n Nacional de Vigilancia Sanitaria (Dinavisa), Jorge Iliou, con el objetivo de articular acciones de control [&hellip;]<\/p>\n","protected":false},"author":12,"featured_media":35298,"comment_status":"open","ping_status":"open","sticky":false,"template":"","format":"standard","meta":{"_acf_changed":false,"_uag_custom_page_level_css":"","footnotes":""},"categories":[1],"tags":[],"class_list":["post-35297","post","type-post","status-publish","format-standard","has-post-thumbnail","hentry","category-sin-categoria"],"acf":[],"uagb_featured_image_src":{"full":["https:\/\/www.mtess.gov.py\/wp-content\/uploads\/2026\/03\/WhatsApp-Image-2026-03-09-at-4.50.56-PM.jpeg",1280,854,false],"thumbnail":["https:\/\/www.mtess.gov.py\/wp-content\/uploads\/2026\/03\/WhatsApp-Image-2026-03-09-at-4.50.56-PM-150x150.jpeg",150,150,true],"medium":["https:\/\/www.mtess.gov.py\/wp-content\/uploads\/2026\/03\/WhatsApp-Image-2026-03-09-at-4.50.56-PM-300x200.jpeg",300,200,true],"medium_large":["https:\/\/www.mtess.gov.py\/wp-content\/uploads\/2026\/03\/WhatsApp-Image-2026-03-09-at-4.50.56-PM-768x512.jpeg",768,512,true],"large":["https:\/\/www.mtess.gov.py\/wp-content\/uploads\/2026\/03\/WhatsApp-Image-2026-03-09-at-4.50.56-PM-300x200.jpeg",300,200,true],"1536x1536":["https:\/\/www.mtess.gov.py\/wp-content\/uploads\/2026\/03\/WhatsApp-Image-2026-03-09-at-4.50.56-PM.jpeg",1280,854,false],"2048x2048":["https:\/\/www.mtess.gov.py\/wp-content\/uploads\/2026\/03\/WhatsApp-Image-2026-03-09-at-4.50.56-PM.jpeg",1280,854,false],"depicter-thumbnail":["https:\/\/www.mtess.gov.py\/wp-content\/uploads\/2026\/03\/WhatsApp-Image-2026-03-09-at-4.50.56-PM-200x133.jpeg",200,133,true]},"uagb_author_info":{"display_name":"Nestor Noguera","author_link":"https:\/\/www.mtess.gov.py\/?author=12"},"uagb_comment_info":0,"uagb_excerpt":"La ministra de Trabajo, Empleo y Seguridad Social, M\u00f3nica Recalde, mantuvo este lunes una reuni\u00f3n de coordinaci\u00f3n con la ministra\u2013secretaria ejecutiva de la Secretar\u00eda de Defensa del Consumidor y el Usuario (Sedeco), Sara Ir\u00fan, y el director de la Direcci\u00f3n Nacional de Vigilancia Sanitaria (Dinavisa), Jorge Iliou, con el objetivo de articular acciones de control&hellip;","_links":{"self":[{"href":"https:\/\/www.mtess.gov.py\/index.php?rest_route=\/wp\/v2\/posts\/35297","targetHints":{"allow":["GET"]}}],"collection":[{"href":"https:\/\/www.mtess.gov.py\/index.php?rest_route=\/wp\/v2\/posts"}],"about":[{"href":"https:\/\/www.mtess.gov.py\/index.php?rest_route=\/wp\/v2\/types\/post"}],"author":[{"embeddable":true,"href":"https:\/\/www.mtess.gov.py\/index.php?rest_route=\/wp\/v2\/users\/12"}],"replies":[{"embeddable":true,"href":"https:\/\/www.mtess.gov.py\/index.php?rest_route=%2Fwp%2Fv2%2Fcomments&post=35297"}],"version-history":[{"count":1,"href":"https:\/\/www.mtess.gov.py\/index.php?rest_route=\/wp\/v2\/posts\/35297\/revisions"}],"predecessor-version":[{"id":35299,"href":"https:\/\/www.mtess.gov.py\/index.php?rest_route=\/wp\/v2\/posts\/35297\/revisions\/35299"}],"wp:featuredmedia":[{"embeddable":true,"href":"https:\/\/www.mtess.gov.py\/index.php?rest_route=\/wp\/v2\/media\/35298"}],"wp:attachment":[{"href":"https:\/\/www.mtess.gov.py\/index.php?rest_route=%2Fwp%2Fv2%2Fmedia&parent=35297"}],"wp:term":[{"taxonomy":"category","embeddable":true,"href":"https:\/\/www.mtess.gov.py\/index.php?rest_route=%2Fwp%2Fv2%2Fcategories&post=35297"},{"taxonomy":"post_tag","embeddable":true,"href":"https:\/\/www.mtess.gov.py\/index.php?rest_route=%2Fwp%2Fv2%2Ftags&post=35297"}],"curies":[{"name":"wp","href":"https:\/\/api.w.org\/{rel}","templated":true}]}}