{"id":35375,"date":"2026-03-10T15:58:00","date_gmt":"2026-03-10T18:58:00","guid":{"rendered":"https:\/\/www.mtess.gov.py\/?p=35375"},"modified":"2026-03-13T11:28:26","modified_gmt":"2026-03-13T14:28:26","slug":"alianza-para-fomentar-la-inclusion-laboral-de-personas-con-discapacidad","status":"publish","type":"post","link":"https:\/\/www.mtess.gov.py\/?p=35375","title":{"rendered":"Alianza para fomentar la inclusi\u00f3n laboral de personas con discapacidad"},"content":{"rendered":"\n<div class=\"wp-block-uagb-container uagb-block-dae598ca alignfull uagb-is-root-container\"><div class=\"uagb-container-inner-blocks-wrap\">\n<p>La ministra de Trabajo, M\u00f3nica Recalde, junto con el director del SNPP, Jos\u00e9 Cogliolo, mantuvo una reuni\u00f3n con la directora de la Funci\u00f3n ONCE para la Solidaridad con las Personas Ciegas de Am\u00e9rica Latina (FOAL), Estefan\u00eda Mirpuri, en la que se abordaron nuevas oportunidades de cooperaci\u00f3n para seguir impulsando la formaci\u00f3n e inclusi\u00f3n laboral de personas con discapacidad visual en Paraguay.<\/p>\n\n\n\n<p>Durante el encuentro se destacaron los avances alcanzados a trav\u00e9s del Programa \u00c1GORA, desarrollado en articulaci\u00f3n con el SNPP, que ha permitido generar oportunidades de capacitaci\u00f3n y empleo para personas con discapacidad visual en el pa\u00eds.&nbsp;<\/p>\n\n\n\n<p>Asimismo, se dialog\u00f3 sobre las metas futuras y nuevas l\u00edneas de trabajo orientadas a fortalecer la cooperaci\u00f3n institucional, ampliar los programas de formaci\u00f3n inclusiva y seguir promoviendo un mercado laboral m\u00e1s accesible y con igualdad de oportunidades.<\/p>\n\n\n\n<p>En la ocasi\u00f3n, la ministra de Trabajo hizo entrega de una placa de reconocimiento a la directora Mirpuri, en agradecimiento al compromiso y al trabajo sostenido de la instituci\u00f3n en favor de la inclusi\u00f3n laboral y la formaci\u00f3n de personas con discapacidad visual en Paraguay.<\/p>\n\n\n\n<p>Desde el a\u00f1o 2009 hasta la fecha, el programa \u00c1GORA ha brindado formaci\u00f3n a 2.118 personas. Asimismo, se han identificado 2.035 personas ciegas o con baja visi\u00f3n en zonas urbanas y rurales, y se han desarrollado 214 procesos de adaptaci\u00f3n laboral, incorporando soluciones t\u00e9cnicas tales como lectores de pantalla y magnificadores de imagen, a fin de facilitar la inserci\u00f3n y permanencia laboral de las personas beneficiarias.<\/p>\n<\/div><\/div>\n","protected":false},"excerpt":{"rendered":"<p>La ministra de Trabajo, M\u00f3nica Recalde, junto con el director del SNPP, Jos\u00e9 Cogliolo, mantuvo una reuni\u00f3n con la directora de la Funci\u00f3n ONCE para la Solidaridad con las Personas Ciegas de Am\u00e9rica Latina (FOAL), Estefan\u00eda Mirpuri, en la que se abordaron nuevas oportunidades de cooperaci\u00f3n para seguir impulsando la formaci\u00f3n e inclusi\u00f3n laboral de [&hellip;]<\/p>\n","protected":false},"author":12,"featured_media":35377,"comment_status":"open","ping_status":"open","sticky":false,"template":"","format":"standard","meta":{"_acf_changed":false,"_uag_custom_page_level_css":"","footnotes":""},"categories":[1],"tags":[],"class_list":["post-35375","post","type-post","status-publish","format-standard","has-post-thumbnail","hentry","category-sin-categoria"],"acf":[],"uagb_featured_image_src":{"full":["https:\/\/www.mtess.gov.py\/wp-content\/uploads\/2026\/03\/HDErTF4WQAAzDM9.jpg",1280,854,false],"thumbnail":["https:\/\/www.mtess.gov.py\/wp-content\/uploads\/2026\/03\/HDErTF4WQAAzDM9-150x150.jpg",150,150,true],"medium":["https:\/\/www.mtess.gov.py\/wp-content\/uploads\/2026\/03\/HDErTF4WQAAzDM9-300x200.jpg",300,200,true],"medium_large":["https:\/\/www.mtess.gov.py\/wp-content\/uploads\/2026\/03\/HDErTF4WQAAzDM9-768x512.jpg",768,512,true],"large":["https:\/\/www.mtess.gov.py\/wp-content\/uploads\/2026\/03\/HDErTF4WQAAzDM9-300x200.jpg",300,200,true],"1536x1536":["https:\/\/www.mtess.gov.py\/wp-content\/uploads\/2026\/03\/HDErTF4WQAAzDM9.jpg",1280,854,false],"2048x2048":["https:\/\/www.mtess.gov.py\/wp-content\/uploads\/2026\/03\/HDErTF4WQAAzDM9.jpg",1280,854,false],"depicter-thumbnail":["https:\/\/www.mtess.gov.py\/wp-content\/uploads\/2026\/03\/HDErTF4WQAAzDM9-200x133.jpg",200,133,true]},"uagb_author_info":{"display_name":"Nestor Noguera","author_link":"https:\/\/www.mtess.gov.py\/?author=12"},"uagb_comment_info":0,"uagb_excerpt":"La ministra de Trabajo, M\u00f3nica Recalde, junto con el director del SNPP, Jos\u00e9 Cogliolo, mantuvo una reuni\u00f3n con la directora de la Funci\u00f3n ONCE para la Solidaridad con las Personas Ciegas de Am\u00e9rica Latina (FOAL), Estefan\u00eda Mirpuri, en la que se abordaron nuevas oportunidades de cooperaci\u00f3n para seguir impulsando la formaci\u00f3n e inclusi\u00f3n laboral de&hellip;","_links":{"self":[{"href":"https:\/\/www.mtess.gov.py\/index.php?rest_route=\/wp\/v2\/posts\/35375","targetHints":{"allow":["GET"]}}],"collection":[{"href":"https:\/\/www.mtess.gov.py\/index.php?rest_route=\/wp\/v2\/posts"}],"about":[{"href":"https:\/\/www.mtess.gov.py\/index.php?rest_route=\/wp\/v2\/types\/post"}],"author":[{"embeddable":true,"href":"https:\/\/www.mtess.gov.py\/index.php?rest_route=\/wp\/v2\/users\/12"}],"replies":[{"embeddable":true,"href":"https:\/\/www.mtess.gov.py\/index.php?rest_route=%2Fwp%2Fv2%2Fcomments&post=35375"}],"version-history":[{"count":2,"href":"https:\/\/www.mtess.gov.py\/index.php?rest_route=\/wp\/v2\/posts\/35375\/revisions"}],"predecessor-version":[{"id":35381,"href":"https:\/\/www.mtess.gov.py\/index.php?rest_route=\/wp\/v2\/posts\/35375\/revisions\/35381"}],"wp:featuredmedia":[{"embeddable":true,"href":"https:\/\/www.mtess.gov.py\/index.php?rest_route=\/wp\/v2\/media\/35377"}],"wp:attachment":[{"href":"https:\/\/www.mtess.gov.py\/index.php?rest_route=%2Fwp%2Fv2%2Fmedia&parent=35375"}],"wp:term":[{"taxonomy":"category","embeddable":true,"href":"https:\/\/www.mtess.gov.py\/index.php?rest_route=%2Fwp%2Fv2%2Fcategories&post=35375"},{"taxonomy":"post_tag","embeddable":true,"href":"https:\/\/www.mtess.gov.py\/index.php?rest_route=%2Fwp%2Fv2%2Ftags&post=35375"}],"curies":[{"name":"wp","href":"https:\/\/api.w.org\/{rel}","templated":true}]}}