{"id":35723,"date":"2026-04-21T10:18:00","date_gmt":"2026-04-21T13:18:00","guid":{"rendered":"https:\/\/www.mtess.gov.py\/?p=35723"},"modified":"2026-04-24T10:19:28","modified_gmt":"2026-04-24T13:19:28","slug":"trabajo-y-salud-promueven-entornos-laborales-seguros-para-el-personal-de-blanco","status":"publish","type":"post","link":"https:\/\/www.mtess.gov.py\/?p=35723","title":{"rendered":"Trabajo y Salud promueven entornos laborales seguros para el personal de blanco"},"content":{"rendered":"\n<p>La ministra de Trabajo, M\u00f3nica Recalde, mantuvo una reuni\u00f3n con la ministra de Salud, Teresa Bar\u00e1n, junto a sus respectivos equipos t\u00e9cnicos, con el objetivo de avanzar en acciones conjuntas para la elaboraci\u00f3n de un protocolo que promueva entornos laborales libres de acoso y violencia para el personal de blanco.<\/p>\n\n\n\n<p>Durante el encuentro, ambas autoridades analizaron l\u00edneas de trabajo orientadas a garantizar condiciones laborales seguras, dignas y respetuosas en los servicios de salud, reconociendo la importancia de proteger a quienes cumplen una labor esencial para la ciudadan\u00eda.<\/p>\n\n\n\n<p>Asimismo, abordaron iniciativas destinadas a seguir fortaleciendo las condiciones laborales de los trabajadores del sector de la salud p\u00fablica, en el marco de una agenda interinstitucional que prioriza el bienestar y la seguridad en el \u00e1mbito laboral.<\/p>\n\n\n\n<p>Acompa\u00f1aron a la ministra de Trabajo el viceministro de Trabajo, C\u00e9sar Segovia, y el director de Salud y Seguridad Ocupacional, Luis Centuri\u00f3n.<\/p>\n","protected":false},"excerpt":{"rendered":"<p>La ministra de Trabajo, M\u00f3nica Recalde, mantuvo una reuni\u00f3n con la ministra de Salud, Teresa Bar\u00e1n, junto a sus respectivos equipos t\u00e9cnicos, con el objetivo de avanzar en acciones conjuntas para la elaboraci\u00f3n de un protocolo que promueva entornos laborales libres de acoso y violencia para el personal de blanco. Durante el encuentro, ambas autoridades [&hellip;]<\/p>\n","protected":false},"author":12,"featured_media":35724,"comment_status":"open","ping_status":"open","sticky":false,"template":"","format":"standard","meta":{"_acf_changed":false,"_uag_custom_page_level_css":"","footnotes":""},"categories":[1],"tags":[],"class_list":["post-35723","post","type-post","status-publish","format-standard","has-post-thumbnail","hentry","category-sin-categoria"],"acf":[],"uagb_featured_image_src":{"full":["https:\/\/www.mtess.gov.py\/wp-content\/uploads\/2026\/04\/WhatsApp-Image-2026-04-21-at-9.31.01-AM.jpeg",1280,854,false],"thumbnail":["https:\/\/www.mtess.gov.py\/wp-content\/uploads\/2026\/04\/WhatsApp-Image-2026-04-21-at-9.31.01-AM-150x150.jpeg",150,150,true],"medium":["https:\/\/www.mtess.gov.py\/wp-content\/uploads\/2026\/04\/WhatsApp-Image-2026-04-21-at-9.31.01-AM-300x200.jpeg",300,200,true],"medium_large":["https:\/\/www.mtess.gov.py\/wp-content\/uploads\/2026\/04\/WhatsApp-Image-2026-04-21-at-9.31.01-AM-768x512.jpeg",768,512,true],"large":["https:\/\/www.mtess.gov.py\/wp-content\/uploads\/2026\/04\/WhatsApp-Image-2026-04-21-at-9.31.01-AM-300x200.jpeg",300,200,true],"1536x1536":["https:\/\/www.mtess.gov.py\/wp-content\/uploads\/2026\/04\/WhatsApp-Image-2026-04-21-at-9.31.01-AM.jpeg",1280,854,false],"2048x2048":["https:\/\/www.mtess.gov.py\/wp-content\/uploads\/2026\/04\/WhatsApp-Image-2026-04-21-at-9.31.01-AM.jpeg",1280,854,false],"depicter-thumbnail":["https:\/\/www.mtess.gov.py\/wp-content\/uploads\/2026\/04\/WhatsApp-Image-2026-04-21-at-9.31.01-AM-200x133.jpeg",200,133,true]},"uagb_author_info":{"display_name":"Nestor Noguera","author_link":"https:\/\/www.mtess.gov.py\/?author=12"},"uagb_comment_info":0,"uagb_excerpt":"La ministra de Trabajo, M\u00f3nica Recalde, mantuvo una reuni\u00f3n con la ministra de Salud, Teresa Bar\u00e1n, junto a sus respectivos equipos t\u00e9cnicos, con el objetivo de avanzar en acciones conjuntas para la elaboraci\u00f3n de un protocolo que promueva entornos laborales libres de acoso y violencia para el personal de blanco. Durante el encuentro, ambas autoridades&hellip;","_links":{"self":[{"href":"https:\/\/www.mtess.gov.py\/index.php?rest_route=\/wp\/v2\/posts\/35723","targetHints":{"allow":["GET"]}}],"collection":[{"href":"https:\/\/www.mtess.gov.py\/index.php?rest_route=\/wp\/v2\/posts"}],"about":[{"href":"https:\/\/www.mtess.gov.py\/index.php?rest_route=\/wp\/v2\/types\/post"}],"author":[{"embeddable":true,"href":"https:\/\/www.mtess.gov.py\/index.php?rest_route=\/wp\/v2\/users\/12"}],"replies":[{"embeddable":true,"href":"https:\/\/www.mtess.gov.py\/index.php?rest_route=%2Fwp%2Fv2%2Fcomments&post=35723"}],"version-history":[{"count":1,"href":"https:\/\/www.mtess.gov.py\/index.php?rest_route=\/wp\/v2\/posts\/35723\/revisions"}],"predecessor-version":[{"id":35725,"href":"https:\/\/www.mtess.gov.py\/index.php?rest_route=\/wp\/v2\/posts\/35723\/revisions\/35725"}],"wp:featuredmedia":[{"embeddable":true,"href":"https:\/\/www.mtess.gov.py\/index.php?rest_route=\/wp\/v2\/media\/35724"}],"wp:attachment":[{"href":"https:\/\/www.mtess.gov.py\/index.php?rest_route=%2Fwp%2Fv2%2Fmedia&parent=35723"}],"wp:term":[{"taxonomy":"category","embeddable":true,"href":"https:\/\/www.mtess.gov.py\/index.php?rest_route=%2Fwp%2Fv2%2Fcategories&post=35723"},{"taxonomy":"post_tag","embeddable":true,"href":"https:\/\/www.mtess.gov.py\/index.php?rest_route=%2Fwp%2Fv2%2Ftags&post=35723"}],"curies":[{"name":"wp","href":"https:\/\/api.w.org\/{rel}","templated":true}]}}