{"id":35727,"date":"2026-04-21T14:46:08","date_gmt":"2026-04-21T17:46:08","guid":{"rendered":"https:\/\/www.mtess.gov.py\/?p=35727"},"modified":"2026-04-24T14:52:24","modified_gmt":"2026-04-24T17:52:24","slug":"jornada-de-capacitacion-a-estudiantes-por-la-semana-de-la-seguridad-social","status":"publish","type":"post","link":"https:\/\/www.mtess.gov.py\/?p=35727","title":{"rendered":"Jornada de capacitaci\u00f3n a estudiantes por la Semana de la Seguridad Social"},"content":{"rendered":"\n<p>El Ministerio de Trabajo brind\u00f3 a alumnos del tercero de la media y docentes del Centro de Capacitaci\u00f3n T\u00e9cnica de Luque una charla sobre seguridad social, los derechos y obligaciones de los trabajadores formales y las oportunidades del Programa Empleo Formal Joven.<\/p>\n\n\n\n<p>La actividad forma parte de las acciones que la instituci\u00f3n adelante en el marco de la Semana de la Seguridad Social en Paraguay.<\/p>\n\n\n\n<p>La capacitaci\u00f3n, organizada por la Direcci\u00f3n General de Seguridad Social con el acompa\u00f1amiento de la Direcci\u00f3n General de Empleo, tuvo como objetivo informar a los j\u00f3venes sobre los beneficios de la seguridad social y del empleo formal.<\/p>\n\n\n\n<p>Este tipo de iniciativas apuntan a fomentar la cultura de la formalizaci\u00f3n y concientizar a las nuevas generaciones sobre la importancia de la protecci\u00f3n social como derecho fundamental para los trabajadores y sus familias.<\/p>\n\n\n\n<p>El D\u00eda Nacional de la Seguridad Social se conmemora en Paraguay cada 27 de abril por la Ley 5455\/15, con el objetivo de promover una cultura de protecci\u00f3n social, concientizar sobre el derecho a la jubilaci\u00f3n y la formalizaci\u00f3n laboral. Esta fecha busca visibilizar el sistema que brinda salud, pensiones y cobertura ante riesgos laborales.<\/p>\n\n\n\n<p><\/p>\n\n\n\n<p><\/p>\n","protected":false},"excerpt":{"rendered":"<p>El Ministerio de Trabajo brind\u00f3 a alumnos del tercero de la media y docentes del Centro de Capacitaci\u00f3n T\u00e9cnica de Luque una charla sobre seguridad social, los derechos y obligaciones de los trabajadores formales y las oportunidades del Programa Empleo Formal Joven. La actividad forma parte de las acciones que la instituci\u00f3n adelante en el [&hellip;]<\/p>\n","protected":false},"author":12,"featured_media":35728,"comment_status":"open","ping_status":"open","sticky":false,"template":"","format":"standard","meta":{"_acf_changed":false,"_uag_custom_page_level_css":"","footnotes":""},"categories":[1],"tags":[],"class_list":["post-35727","post","type-post","status-publish","format-standard","has-post-thumbnail","hentry","category-sin-categoria"],"acf":[],"uagb_featured_image_src":{"full":["https:\/\/www.mtess.gov.py\/wp-content\/uploads\/2026\/04\/WhatsApp-Image-2026-04-21-at-1.54.51-PM-4.jpeg",1600,907,false],"thumbnail":["https:\/\/www.mtess.gov.py\/wp-content\/uploads\/2026\/04\/WhatsApp-Image-2026-04-21-at-1.54.51-PM-4-150x150.jpeg",150,150,true],"medium":["https:\/\/www.mtess.gov.py\/wp-content\/uploads\/2026\/04\/WhatsApp-Image-2026-04-21-at-1.54.51-PM-4-300x170.jpeg",300,170,true],"medium_large":["https:\/\/www.mtess.gov.py\/wp-content\/uploads\/2026\/04\/WhatsApp-Image-2026-04-21-at-1.54.51-PM-4-768x435.jpeg",768,435,true],"large":["https:\/\/www.mtess.gov.py\/wp-content\/uploads\/2026\/04\/WhatsApp-Image-2026-04-21-at-1.54.51-PM-4-300x170.jpeg",300,170,true],"1536x1536":["https:\/\/www.mtess.gov.py\/wp-content\/uploads\/2026\/04\/WhatsApp-Image-2026-04-21-at-1.54.51-PM-4-1536x871.jpeg",1536,871,true],"2048x2048":["https:\/\/www.mtess.gov.py\/wp-content\/uploads\/2026\/04\/WhatsApp-Image-2026-04-21-at-1.54.51-PM-4.jpeg",1600,907,false],"depicter-thumbnail":["https:\/\/www.mtess.gov.py\/wp-content\/uploads\/2026\/04\/WhatsApp-Image-2026-04-21-at-1.54.51-PM-4-200x113.jpeg",200,113,true]},"uagb_author_info":{"display_name":"Nestor Noguera","author_link":"https:\/\/www.mtess.gov.py\/?author=12"},"uagb_comment_info":0,"uagb_excerpt":"El Ministerio de Trabajo brind\u00f3 a alumnos del tercero de la media y docentes del Centro de Capacitaci\u00f3n T\u00e9cnica de Luque una charla sobre seguridad social, los derechos y obligaciones de los trabajadores formales y las oportunidades del Programa Empleo Formal Joven. La actividad forma parte de las acciones que la instituci\u00f3n adelante en el&hellip;","_links":{"self":[{"href":"https:\/\/www.mtess.gov.py\/index.php?rest_route=\/wp\/v2\/posts\/35727","targetHints":{"allow":["GET"]}}],"collection":[{"href":"https:\/\/www.mtess.gov.py\/index.php?rest_route=\/wp\/v2\/posts"}],"about":[{"href":"https:\/\/www.mtess.gov.py\/index.php?rest_route=\/wp\/v2\/types\/post"}],"author":[{"embeddable":true,"href":"https:\/\/www.mtess.gov.py\/index.php?rest_route=\/wp\/v2\/users\/12"}],"replies":[{"embeddable":true,"href":"https:\/\/www.mtess.gov.py\/index.php?rest_route=%2Fwp%2Fv2%2Fcomments&post=35727"}],"version-history":[{"count":4,"href":"https:\/\/www.mtess.gov.py\/index.php?rest_route=\/wp\/v2\/posts\/35727\/revisions"}],"predecessor-version":[{"id":35732,"href":"https:\/\/www.mtess.gov.py\/index.php?rest_route=\/wp\/v2\/posts\/35727\/revisions\/35732"}],"wp:featuredmedia":[{"embeddable":true,"href":"https:\/\/www.mtess.gov.py\/index.php?rest_route=\/wp\/v2\/media\/35728"}],"wp:attachment":[{"href":"https:\/\/www.mtess.gov.py\/index.php?rest_route=%2Fwp%2Fv2%2Fmedia&parent=35727"}],"wp:term":[{"taxonomy":"category","embeddable":true,"href":"https:\/\/www.mtess.gov.py\/index.php?rest_route=%2Fwp%2Fv2%2Fcategories&post=35727"},{"taxonomy":"post_tag","embeddable":true,"href":"https:\/\/www.mtess.gov.py\/index.php?rest_route=%2Fwp%2Fv2%2Ftags&post=35727"}],"curies":[{"name":"wp","href":"https:\/\/api.w.org\/{rel}","templated":true}]}}