{"id":35733,"date":"2026-04-22T14:57:00","date_gmt":"2026-04-22T17:57:00","guid":{"rendered":"https:\/\/www.mtess.gov.py\/?p=35733"},"modified":"2026-04-24T14:59:33","modified_gmt":"2026-04-24T17:59:33","slug":"ministra-de-trabajo-participo-en-reunion-del-equipo-economico-para-analizar-perspectivas-de-crecimiento","status":"publish","type":"post","link":"https:\/\/www.mtess.gov.py\/?p=35733","title":{"rendered":"Ministra de Trabajo particip\u00f3 en reuni\u00f3n del Equipo Econ\u00f3mico para analizar perspectivas de crecimiento"},"content":{"rendered":"\n<p>La ministra de Trabajo, Empleo y Seguridad Social, M\u00f3nica Recalde, particip\u00f3 de una reuni\u00f3n del Equipo Econ\u00f3mico Nacional, encabezada por el presidente de la Rep\u00fablica, Santiago Pe\u00f1a, en la que se analizaron las proyecciones econ\u00f3micas y los principales indicadores que reflejan una perspectiva favorable para el pa\u00eds.<\/p>\n\n\n\n<p>Durante el encuentro, las autoridades abordaron temas vinculados a la coyuntura econ\u00f3mica actual, la ejecuci\u00f3n de pol\u00edticas p\u00fablicas y la coordinaci\u00f3n de acciones estrat\u00e9gicas orientadas a sostener el crecimiento econ\u00f3mico y dinamizar la actividad productiva.<\/p>\n\n\n\n<p>En ese contexto, se avanz\u00f3 en una agenda enfocada en la generaci\u00f3n de empleo, la atracci\u00f3n e instalaci\u00f3n de nuevas empresas, as\u00ed como en la creaci\u00f3n de condiciones propicias para impulsar la inversi\u00f3n y el desarrollo sostenible.<\/p>\n\n\n\n<p>La participaci\u00f3n del Ministerio de Trabajo en estos espacios apuntala la gesti\u00f3n institucional para la promoci\u00f3n del empleo formal y el fortalecimiento del mercado laboral como eje clave para el crecimiento inclusivo del pa\u00eds.<\/p>\n","protected":false},"excerpt":{"rendered":"<p>La ministra de Trabajo, Empleo y Seguridad Social, M\u00f3nica Recalde, particip\u00f3 de una reuni\u00f3n del Equipo Econ\u00f3mico Nacional, encabezada por el presidente de la Rep\u00fablica, Santiago Pe\u00f1a, en la que se analizaron las proyecciones econ\u00f3micas y los principales indicadores que reflejan una perspectiva favorable para el pa\u00eds. Durante el encuentro, las autoridades abordaron temas vinculados [&hellip;]<\/p>\n","protected":false},"author":12,"featured_media":35734,"comment_status":"open","ping_status":"open","sticky":false,"template":"","format":"standard","meta":{"_acf_changed":false,"_uag_custom_page_level_css":"","footnotes":""},"categories":[1],"tags":[],"class_list":["post-35733","post","type-post","status-publish","format-standard","has-post-thumbnail","hentry","category-sin-categoria"],"acf":[],"uagb_featured_image_src":{"full":["https:\/\/www.mtess.gov.py\/wp-content\/uploads\/2026\/04\/HGgUXbPXcAARuKP.jpg",1280,854,false],"thumbnail":["https:\/\/www.mtess.gov.py\/wp-content\/uploads\/2026\/04\/HGgUXbPXcAARuKP-150x150.jpg",150,150,true],"medium":["https:\/\/www.mtess.gov.py\/wp-content\/uploads\/2026\/04\/HGgUXbPXcAARuKP-300x200.jpg",300,200,true],"medium_large":["https:\/\/www.mtess.gov.py\/wp-content\/uploads\/2026\/04\/HGgUXbPXcAARuKP-768x512.jpg",768,512,true],"large":["https:\/\/www.mtess.gov.py\/wp-content\/uploads\/2026\/04\/HGgUXbPXcAARuKP-300x200.jpg",300,200,true],"1536x1536":["https:\/\/www.mtess.gov.py\/wp-content\/uploads\/2026\/04\/HGgUXbPXcAARuKP.jpg",1280,854,false],"2048x2048":["https:\/\/www.mtess.gov.py\/wp-content\/uploads\/2026\/04\/HGgUXbPXcAARuKP.jpg",1280,854,false],"depicter-thumbnail":["https:\/\/www.mtess.gov.py\/wp-content\/uploads\/2026\/04\/HGgUXbPXcAARuKP-200x133.jpg",200,133,true]},"uagb_author_info":{"display_name":"Nestor Noguera","author_link":"https:\/\/www.mtess.gov.py\/?author=12"},"uagb_comment_info":0,"uagb_excerpt":"La ministra de Trabajo, Empleo y Seguridad Social, M\u00f3nica Recalde, particip\u00f3 de una reuni\u00f3n del Equipo Econ\u00f3mico Nacional, encabezada por el presidente de la Rep\u00fablica, Santiago Pe\u00f1a, en la que se analizaron las proyecciones econ\u00f3micas y los principales indicadores que reflejan una perspectiva favorable para el pa\u00eds. Durante el encuentro, las autoridades abordaron temas vinculados&hellip;","_links":{"self":[{"href":"https:\/\/www.mtess.gov.py\/index.php?rest_route=\/wp\/v2\/posts\/35733","targetHints":{"allow":["GET"]}}],"collection":[{"href":"https:\/\/www.mtess.gov.py\/index.php?rest_route=\/wp\/v2\/posts"}],"about":[{"href":"https:\/\/www.mtess.gov.py\/index.php?rest_route=\/wp\/v2\/types\/post"}],"author":[{"embeddable":true,"href":"https:\/\/www.mtess.gov.py\/index.php?rest_route=\/wp\/v2\/users\/12"}],"replies":[{"embeddable":true,"href":"https:\/\/www.mtess.gov.py\/index.php?rest_route=%2Fwp%2Fv2%2Fcomments&post=35733"}],"version-history":[{"count":1,"href":"https:\/\/www.mtess.gov.py\/index.php?rest_route=\/wp\/v2\/posts\/35733\/revisions"}],"predecessor-version":[{"id":35735,"href":"https:\/\/www.mtess.gov.py\/index.php?rest_route=\/wp\/v2\/posts\/35733\/revisions\/35735"}],"wp:featuredmedia":[{"embeddable":true,"href":"https:\/\/www.mtess.gov.py\/index.php?rest_route=\/wp\/v2\/media\/35734"}],"wp:attachment":[{"href":"https:\/\/www.mtess.gov.py\/index.php?rest_route=%2Fwp%2Fv2%2Fmedia&parent=35733"}],"wp:term":[{"taxonomy":"category","embeddable":true,"href":"https:\/\/www.mtess.gov.py\/index.php?rest_route=%2Fwp%2Fv2%2Fcategories&post=35733"},{"taxonomy":"post_tag","embeddable":true,"href":"https:\/\/www.mtess.gov.py\/index.php?rest_route=%2Fwp%2Fv2%2Ftags&post=35733"}],"curies":[{"name":"wp","href":"https:\/\/api.w.org\/{rel}","templated":true}]}}