{"id":35737,"date":"2026-04-21T16:00:00","date_gmt":"2026-04-21T19:00:00","guid":{"rendered":"https:\/\/www.mtess.gov.py\/?p=35737"},"modified":"2026-04-24T15:09:52","modified_gmt":"2026-04-24T18:09:52","slug":"conversatorio-sobre-gestion-integral-de-riesgos-y-ambientes-de-trabajo-saludables","status":"publish","type":"post","link":"https:\/\/www.mtess.gov.py\/?p=35737","title":{"rendered":"Conversatorio sobre gesti\u00f3n integral de riesgos y ambientes de trabajo saludables"},"content":{"rendered":"\n<p>El Ministerio de Trabajo particip\u00f3 del 5\u00ba Foro de Salud y Seguridad Ocupacional, realizado en Asunci\u00f3n, en el marco de las acciones que impulsan espacios de trabajo m\u00e1s seguros y saludables.<\/p>\n\n\n\n<p>La representaci\u00f3n institucional estuvo a cargo del director de Seguridad y Salud Ocupacional, Luis Centuri\u00f3n, quien particip\u00f3 como expositor en el conversatorio sobre gesti\u00f3n integral de riesgos y entornos laborales saludables.<\/p>\n\n\n\n<p>La actividad fue organizada por Wecom Consultores, en conmemoraci\u00f3n del Mes de la Seguridad y Salud en el Trabajo.<\/p>\n\n\n\n<p>La Resoluci\u00f3n MTESS N\u00b0 309\/2026, emitida el 30 de marzo de 2026, declara el mes de abril como el \u00abMes de la Seguridad y Salud en el Trabajo\u00bb en Paraguay.<\/p>\n\n\n\n<p>Esta medida conmemora el D\u00eda Mundial y Nacional de la Seguridad y Salud, promoviendo actividades preventivas y de concientizaci\u00f3n durante todo el mes.<\/p>\n","protected":false},"excerpt":{"rendered":"<p>El Ministerio de Trabajo particip\u00f3 del 5\u00ba Foro de Salud y Seguridad Ocupacional, realizado en Asunci\u00f3n, en el marco de las acciones que impulsan espacios de trabajo m\u00e1s seguros y saludables. La representaci\u00f3n institucional estuvo a cargo del director de Seguridad y Salud Ocupacional, Luis Centuri\u00f3n, quien particip\u00f3 como expositor en el conversatorio sobre gesti\u00f3n [&hellip;]<\/p>\n","protected":false},"author":12,"featured_media":35738,"comment_status":"open","ping_status":"open","sticky":false,"template":"","format":"standard","meta":{"_acf_changed":false,"_uag_custom_page_level_css":"","footnotes":""},"categories":[1],"tags":[],"class_list":["post-35737","post","type-post","status-publish","format-standard","has-post-thumbnail","hentry","category-sin-categoria"],"acf":[],"uagb_featured_image_src":{"full":["https:\/\/www.mtess.gov.py\/wp-content\/uploads\/2026\/04\/WhatsApp-Image-2026-04-21-at-11.56.46-AM.jpeg",1600,896,false],"thumbnail":["https:\/\/www.mtess.gov.py\/wp-content\/uploads\/2026\/04\/WhatsApp-Image-2026-04-21-at-11.56.46-AM-150x150.jpeg",150,150,true],"medium":["https:\/\/www.mtess.gov.py\/wp-content\/uploads\/2026\/04\/WhatsApp-Image-2026-04-21-at-11.56.46-AM-300x168.jpeg",300,168,true],"medium_large":["https:\/\/www.mtess.gov.py\/wp-content\/uploads\/2026\/04\/WhatsApp-Image-2026-04-21-at-11.56.46-AM-768x430.jpeg",768,430,true],"large":["https:\/\/www.mtess.gov.py\/wp-content\/uploads\/2026\/04\/WhatsApp-Image-2026-04-21-at-11.56.46-AM-300x168.jpeg",300,168,true],"1536x1536":["https:\/\/www.mtess.gov.py\/wp-content\/uploads\/2026\/04\/WhatsApp-Image-2026-04-21-at-11.56.46-AM-1536x860.jpeg",1536,860,true],"2048x2048":["https:\/\/www.mtess.gov.py\/wp-content\/uploads\/2026\/04\/WhatsApp-Image-2026-04-21-at-11.56.46-AM.jpeg",1600,896,false],"depicter-thumbnail":["https:\/\/www.mtess.gov.py\/wp-content\/uploads\/2026\/04\/WhatsApp-Image-2026-04-21-at-11.56.46-AM-200x112.jpeg",200,112,true]},"uagb_author_info":{"display_name":"Nestor Noguera","author_link":"https:\/\/www.mtess.gov.py\/?author=12"},"uagb_comment_info":0,"uagb_excerpt":"El Ministerio de Trabajo particip\u00f3 del 5\u00ba Foro de Salud y Seguridad Ocupacional, realizado en Asunci\u00f3n, en el marco de las acciones que impulsan espacios de trabajo m\u00e1s seguros y saludables. La representaci\u00f3n institucional estuvo a cargo del director de Seguridad y Salud Ocupacional, Luis Centuri\u00f3n, quien particip\u00f3 como expositor en el conversatorio sobre gesti\u00f3n&hellip;","_links":{"self":[{"href":"https:\/\/www.mtess.gov.py\/index.php?rest_route=\/wp\/v2\/posts\/35737","targetHints":{"allow":["GET"]}}],"collection":[{"href":"https:\/\/www.mtess.gov.py\/index.php?rest_route=\/wp\/v2\/posts"}],"about":[{"href":"https:\/\/www.mtess.gov.py\/index.php?rest_route=\/wp\/v2\/types\/post"}],"author":[{"embeddable":true,"href":"https:\/\/www.mtess.gov.py\/index.php?rest_route=\/wp\/v2\/users\/12"}],"replies":[{"embeddable":true,"href":"https:\/\/www.mtess.gov.py\/index.php?rest_route=%2Fwp%2Fv2%2Fcomments&post=35737"}],"version-history":[{"count":1,"href":"https:\/\/www.mtess.gov.py\/index.php?rest_route=\/wp\/v2\/posts\/35737\/revisions"}],"predecessor-version":[{"id":35739,"href":"https:\/\/www.mtess.gov.py\/index.php?rest_route=\/wp\/v2\/posts\/35737\/revisions\/35739"}],"wp:featuredmedia":[{"embeddable":true,"href":"https:\/\/www.mtess.gov.py\/index.php?rest_route=\/wp\/v2\/media\/35738"}],"wp:attachment":[{"href":"https:\/\/www.mtess.gov.py\/index.php?rest_route=%2Fwp%2Fv2%2Fmedia&parent=35737"}],"wp:term":[{"taxonomy":"category","embeddable":true,"href":"https:\/\/www.mtess.gov.py\/index.php?rest_route=%2Fwp%2Fv2%2Fcategories&post=35737"},{"taxonomy":"post_tag","embeddable":true,"href":"https:\/\/www.mtess.gov.py\/index.php?rest_route=%2Fwp%2Fv2%2Ftags&post=35737"}],"curies":[{"name":"wp","href":"https:\/\/api.w.org\/{rel}","templated":true}]}}