{"id":35763,"date":"2026-04-27T16:59:54","date_gmt":"2026-04-27T19:59:54","guid":{"rendered":"https:\/\/www.mtess.gov.py\/?p=35763"},"modified":"2026-04-27T16:59:54","modified_gmt":"2026-04-27T19:59:54","slug":"rol-de-instructores-laborales-es-clave-para-fortalecer-las-competencias-de-los-trabajadores","status":"publish","type":"post","link":"https:\/\/www.mtess.gov.py\/?p=35763","title":{"rendered":"Rol de instructores laborales es clave para fortalecer las competencias de los trabajadores"},"content":{"rendered":"\n<p>La ministra de Trabajo, M\u00f3nica Recalde, particip\u00f3 este lunes del conversatorio \u201cDel aula al futuro: el instructor laboral como motor del cambio\u201d, organizado por el Sistema Nacional de Formaci\u00f3n y Capacitaci\u00f3n Laboral (Sinafocal), con el objetivo de generar un espacio de reflexi\u00f3n y di\u00e1logo entre actores de la educaci\u00f3n y la formaci\u00f3n t\u00e9cnica y profesional.<\/p>\n\n\n\n<p>Durante el encuentro se analizaron los desaf\u00edos actuales del instructor en el marco de la formaci\u00f3n basada en competencias, as\u00ed como las oportunidades para su fortalecimiento y profesionalizaci\u00f3n.<\/p>\n\n\n\n<p>La apertura del evento estuvo a cargo de la ministra Recalde, y del secretario t\u00e9cnico del Sinafocal, Alfredo Mongel\u00f3s.<\/p>\n\n\n\n<p>En la ocasi\u00f3n, la titular del MTESS resalt\u00f3 el impacto transformador de los instructores laborales. \u201cEl rol del instructor laboral es fundamental; en muchos casos, incluso m\u00e1s cercano e influyente que el de un catedr\u00e1tico universitario, porque transmite conocimientos pr\u00e1cticos, genera confianza y devuelve la esperanza a quienes buscan una oportunidad. Cada persona que aprende un oficio adquiere no solo habilidades, sino tambi\u00e9n una nueva perspectiva de futuro\u201d, expres\u00f3.<\/p>\n\n\n\n<p>Igualmente, la ministra resalto que se han logrado avances importantes, como el desarrollo de estudios y herramientas que permiten identificar tendencias del mercado de trabajo. \u201cAhora el desaf\u00edo es convertir esa informaci\u00f3n en pol\u00edticas concretas. En ese proceso, los instructores laborales son actores clave para alinear la formaci\u00f3n con las necesidades reales\u201d, apunt\u00f3.<\/p>\n\n\n\n<p>La actividad estuvo dirigida a instructores y futuros instructores laborales, empleadores y trabajadores que integran el \u00d3rgano Rector del Sinafocal, as\u00ed como a representantes de instituciones de formaci\u00f3n y capacitaci\u00f3n, profesionales del Centro de Innovaci\u00f3n de Metodolog\u00edas Avanzadas (CIMA) y representantes locales de la Organizaci\u00f3n de Estados Iberoamericanos (OEI) y de la Organizaci\u00f3n Internacional del Trabajo (OIT).<\/p>\n","protected":false},"excerpt":{"rendered":"<p>La ministra de Trabajo, M\u00f3nica Recalde, particip\u00f3 este lunes del conversatorio \u201cDel aula al futuro: el instructor laboral como motor del cambio\u201d, organizado por el Sistema Nacional de Formaci\u00f3n y Capacitaci\u00f3n Laboral (Sinafocal), con el objetivo de generar un espacio de reflexi\u00f3n y di\u00e1logo entre actores de la educaci\u00f3n y la formaci\u00f3n t\u00e9cnica y profesional. [&hellip;]<\/p>\n","protected":false},"author":12,"featured_media":35764,"comment_status":"open","ping_status":"open","sticky":false,"template":"","format":"standard","meta":{"_acf_changed":false,"_uag_custom_page_level_css":"","footnotes":""},"categories":[1],"tags":[],"class_list":["post-35763","post","type-post","status-publish","format-standard","has-post-thumbnail","hentry","category-sin-categoria"],"acf":[],"uagb_featured_image_src":{"full":["https:\/\/www.mtess.gov.py\/wp-content\/uploads\/2026\/04\/WhatsApp-Image-2026-04-27-at-2.30.35-PM.jpeg",1280,854,false],"thumbnail":["https:\/\/www.mtess.gov.py\/wp-content\/uploads\/2026\/04\/WhatsApp-Image-2026-04-27-at-2.30.35-PM-150x150.jpeg",150,150,true],"medium":["https:\/\/www.mtess.gov.py\/wp-content\/uploads\/2026\/04\/WhatsApp-Image-2026-04-27-at-2.30.35-PM-300x200.jpeg",300,200,true],"medium_large":["https:\/\/www.mtess.gov.py\/wp-content\/uploads\/2026\/04\/WhatsApp-Image-2026-04-27-at-2.30.35-PM-768x512.jpeg",768,512,true],"large":["https:\/\/www.mtess.gov.py\/wp-content\/uploads\/2026\/04\/WhatsApp-Image-2026-04-27-at-2.30.35-PM-300x200.jpeg",300,200,true],"1536x1536":["https:\/\/www.mtess.gov.py\/wp-content\/uploads\/2026\/04\/WhatsApp-Image-2026-04-27-at-2.30.35-PM.jpeg",1280,854,false],"2048x2048":["https:\/\/www.mtess.gov.py\/wp-content\/uploads\/2026\/04\/WhatsApp-Image-2026-04-27-at-2.30.35-PM.jpeg",1280,854,false],"depicter-thumbnail":["https:\/\/www.mtess.gov.py\/wp-content\/uploads\/2026\/04\/WhatsApp-Image-2026-04-27-at-2.30.35-PM-200x133.jpeg",200,133,true]},"uagb_author_info":{"display_name":"Nestor Noguera","author_link":"https:\/\/www.mtess.gov.py\/?author=12"},"uagb_comment_info":0,"uagb_excerpt":"La ministra de Trabajo, M\u00f3nica Recalde, particip\u00f3 este lunes del conversatorio \u201cDel aula al futuro: el instructor laboral como motor del cambio\u201d, organizado por el Sistema Nacional de Formaci\u00f3n y Capacitaci\u00f3n Laboral (Sinafocal), con el objetivo de generar un espacio de reflexi\u00f3n y di\u00e1logo entre actores de la educaci\u00f3n y la formaci\u00f3n t\u00e9cnica y profesional.&hellip;","_links":{"self":[{"href":"https:\/\/www.mtess.gov.py\/index.php?rest_route=\/wp\/v2\/posts\/35763","targetHints":{"allow":["GET"]}}],"collection":[{"href":"https:\/\/www.mtess.gov.py\/index.php?rest_route=\/wp\/v2\/posts"}],"about":[{"href":"https:\/\/www.mtess.gov.py\/index.php?rest_route=\/wp\/v2\/types\/post"}],"author":[{"embeddable":true,"href":"https:\/\/www.mtess.gov.py\/index.php?rest_route=\/wp\/v2\/users\/12"}],"replies":[{"embeddable":true,"href":"https:\/\/www.mtess.gov.py\/index.php?rest_route=%2Fwp%2Fv2%2Fcomments&post=35763"}],"version-history":[{"count":1,"href":"https:\/\/www.mtess.gov.py\/index.php?rest_route=\/wp\/v2\/posts\/35763\/revisions"}],"predecessor-version":[{"id":35765,"href":"https:\/\/www.mtess.gov.py\/index.php?rest_route=\/wp\/v2\/posts\/35763\/revisions\/35765"}],"wp:featuredmedia":[{"embeddable":true,"href":"https:\/\/www.mtess.gov.py\/index.php?rest_route=\/wp\/v2\/media\/35764"}],"wp:attachment":[{"href":"https:\/\/www.mtess.gov.py\/index.php?rest_route=%2Fwp%2Fv2%2Fmedia&parent=35763"}],"wp:term":[{"taxonomy":"category","embeddable":true,"href":"https:\/\/www.mtess.gov.py\/index.php?rest_route=%2Fwp%2Fv2%2Fcategories&post=35763"},{"taxonomy":"post_tag","embeddable":true,"href":"https:\/\/www.mtess.gov.py\/index.php?rest_route=%2Fwp%2Fv2%2Ftags&post=35763"}],"curies":[{"name":"wp","href":"https:\/\/api.w.org\/{rel}","templated":true}]}}