{"id":35767,"date":"2026-04-28T16:52:06","date_gmt":"2026-04-28T19:52:06","guid":{"rendered":"https:\/\/www.mtess.gov.py\/?p=35767"},"modified":"2026-04-28T16:52:06","modified_gmt":"2026-04-28T19:52:06","slug":"foro-de-seguridad-en-el-trabajo-promueve-enfoque-integral-para-la-prevencion-de-riesgos-y-proteccion-social","status":"publish","type":"post","link":"https:\/\/www.mtess.gov.py\/?p=35767","title":{"rendered":"Foro de Seguridad en el Trabajo promueve enfoque integral para la prevenci\u00f3n de riesgos y protecci\u00f3n social \u00a0"},"content":{"rendered":"\n<p>En la apertura del Foro de Seguridad y Salud en el Trabajo, organizado en conmemoraci\u00f3n del D\u00eda Mundial y Nacional de la Seguridad y Salud en el Trabajo, la ministra de Trabajo, M\u00f3nica Recalde, inst\u00f3 a fortalecer la cultura de la prevenci\u00f3n y el cumplimiento de las normas laborales para proteger la vida y los derechos de los trabajadores. La actividad se desarroll\u00f3 este martes 28 de abril, en Asunci\u00f3n.<\/p>\n\n\n\n<p>Durante su intervenci\u00f3n, la titular del Ministerio de Trabajo, Empleo y Seguridad Social (MTESS) se\u00f1al\u00f3 que la salud y seguridad ocupacional no deben ser vistas como un costo, sino como una inversi\u00f3n que impacta directamente en la productividad, el bienestar de las personas y el desarrollo del pa\u00eds. Asimismo, advirti\u00f3 sobre las consecuencias de la informalidad, las jornadas excesivas y la falta de cobertura social.<\/p>\n\n\n\n<p>\u201cDebemos trabajar para que cada trabajador regrese sano y salvo a su hogar\u201d, expres\u00f3 la ministra, al tiempo de renovar el compromiso institucional de seguir fortaleciendo los controles, la prevenci\u00f3n y la promoci\u00f3n de entornos laborales seguros y libres de violencia.<\/p>\n\n\n\n<p>El acto de apertura cont\u00f3 con la presencia del nuevo presidente del Instituto de Previsi\u00f3n Social (IPS), Isa\u00edas Fretes, adem\u00e1s de las palabras del viceministro de Trabajo, C\u00e9sar Segovia, y de la especialista principal en Seguridad y Salud en el Trabajo de la Organizaci\u00f3n Internacional del Trabajo (OIT), Carmen Bueno, quien hizo \u00e9nfasis en la identificaci\u00f3n y el tratamiento de los riesgos psicosociales relacionados con el \u00e1mbito laboral.<\/p>\n\n\n\n<p>En el primer panel del Foro se abordaron las buenas pr\u00e1cticas y desaf\u00edos en seguridad laboral en el sector de la construcci\u00f3n. Las exposiciones estuvieron a cargo de la especialista en Medicina del Trabajo, Laura Flores, y del director de Salud y Seguridad Ocupacional del MTESS, Luis Centuri\u00f3n, quien desarroll\u00f3 el tema \u201cAccidentes de trabajo: obligaciones y responsabilidades para una gesti\u00f3n preventiva\u201d.<\/p>\n\n\n\n<p>El segundo panel, denominado \u201cEntornos laborales saludables: prevenci\u00f3n de riesgos psicosociales, violencia y enfermedades profesionales\u201d, cont\u00f3 con las ponencias del presidente de la Sociedad Paraguaya de Medicina del Trabajo, Eduardo Lofruscio; la psic\u00f3loga del Trabajo Mercedes Arga\u00f1a; y la directora general de Promoci\u00f3n a la Mujer Trabajadora del MTESS, Patricia Luch\u00edn.<\/p>\n\n\n\n<p>Durante este espacio se analizaron aspectos relacionados con la vigilancia de la salud en el trabajo, con enfoque en riesgos psicosociales y ergon\u00f3micos; la construcci\u00f3n de entornos psicosociales saludables; y la prevenci\u00f3n y gesti\u00f3n del acoso y la violencia en el \u00e1mbito laboral.<\/p>\n\n\n\n<p>En el tercer panel se desarrollaron temas vinculados con la seguridad social del IPS y los riesgos profesionales, as\u00ed como las prestaciones frente a los da\u00f1os derivados del trabajo. Fueron expositores la directora de Seguridad Social del MTESS, Alejandra Garcete, y el director jur\u00eddico, Danilo Sanabria.<\/p>\n\n\n\n<p>El foro constituy\u00f3 un espacio propicio para fortalecer el di\u00e1logo entre actores del mundo laboral y del sistema de seguridad social, promoviendo una comprensi\u00f3n integral y multidisciplinaria sobre los riesgos laborales y las responsabilidades compartidas en su prevenci\u00f3n.<\/p>\n\n\n\n<p>La actividad estuvo dirigida a t\u00e9cnicos en seguridad y salud en el trabajo, m\u00e9dicos laborales, psic\u00f3logos, abogados, empleadores, trabajadores, funcionarios p\u00fablicos, representantes sindicales y empresariales, as\u00ed como a actores del sistema de seguridad social.<\/p>\n\n\n\n<p>El D\u00eda Mundial y Nacional de la Seguridad y Salud en el Trabajo se conmemora cada 28 de abril con el objetivo de promover la prevenci\u00f3n de accidentes y enfermedades laborales, as\u00ed como la construcci\u00f3n de entornos laborales m\u00e1s seguros y saludables.<\/p>\n","protected":false},"excerpt":{"rendered":"<p>En la apertura del Foro de Seguridad y Salud en el Trabajo, organizado en conmemoraci\u00f3n del D\u00eda Mundial y Nacional de la Seguridad y Salud en el Trabajo, la ministra de Trabajo, M\u00f3nica Recalde, inst\u00f3 a fortalecer la cultura de la prevenci\u00f3n y el cumplimiento de las normas laborales para proteger la vida y los [&hellip;]<\/p>\n","protected":false},"author":12,"featured_media":35768,"comment_status":"open","ping_status":"open","sticky":false,"template":"","format":"standard","meta":{"_acf_changed":false,"_uag_custom_page_level_css":"","footnotes":""},"categories":[1],"tags":[],"class_list":["post-35767","post","type-post","status-publish","format-standard","has-post-thumbnail","hentry","category-sin-categoria"],"acf":[],"uagb_featured_image_src":{"full":["https:\/\/www.mtess.gov.py\/wp-content\/uploads\/2026\/04\/WhatsApp-Image-2026-04-28-at-10.00.44-AM.jpeg",1280,854,false],"thumbnail":["https:\/\/www.mtess.gov.py\/wp-content\/uploads\/2026\/04\/WhatsApp-Image-2026-04-28-at-10.00.44-AM-150x150.jpeg",150,150,true],"medium":["https:\/\/www.mtess.gov.py\/wp-content\/uploads\/2026\/04\/WhatsApp-Image-2026-04-28-at-10.00.44-AM-300x200.jpeg",300,200,true],"medium_large":["https:\/\/www.mtess.gov.py\/wp-content\/uploads\/2026\/04\/WhatsApp-Image-2026-04-28-at-10.00.44-AM-768x512.jpeg",768,512,true],"large":["https:\/\/www.mtess.gov.py\/wp-content\/uploads\/2026\/04\/WhatsApp-Image-2026-04-28-at-10.00.44-AM-300x200.jpeg",300,200,true],"1536x1536":["https:\/\/www.mtess.gov.py\/wp-content\/uploads\/2026\/04\/WhatsApp-Image-2026-04-28-at-10.00.44-AM.jpeg",1280,854,false],"2048x2048":["https:\/\/www.mtess.gov.py\/wp-content\/uploads\/2026\/04\/WhatsApp-Image-2026-04-28-at-10.00.44-AM.jpeg",1280,854,false],"depicter-thumbnail":["https:\/\/www.mtess.gov.py\/wp-content\/uploads\/2026\/04\/WhatsApp-Image-2026-04-28-at-10.00.44-AM-200x133.jpeg",200,133,true]},"uagb_author_info":{"display_name":"Nestor Noguera","author_link":"https:\/\/www.mtess.gov.py\/?author=12"},"uagb_comment_info":0,"uagb_excerpt":"En la apertura del Foro de Seguridad y Salud en el Trabajo, organizado en conmemoraci\u00f3n del D\u00eda Mundial y Nacional de la Seguridad y Salud en el Trabajo, la ministra de Trabajo, M\u00f3nica Recalde, inst\u00f3 a fortalecer la cultura de la prevenci\u00f3n y el cumplimiento de las normas laborales para proteger la vida y los&hellip;","_links":{"self":[{"href":"https:\/\/www.mtess.gov.py\/index.php?rest_route=\/wp\/v2\/posts\/35767","targetHints":{"allow":["GET"]}}],"collection":[{"href":"https:\/\/www.mtess.gov.py\/index.php?rest_route=\/wp\/v2\/posts"}],"about":[{"href":"https:\/\/www.mtess.gov.py\/index.php?rest_route=\/wp\/v2\/types\/post"}],"author":[{"embeddable":true,"href":"https:\/\/www.mtess.gov.py\/index.php?rest_route=\/wp\/v2\/users\/12"}],"replies":[{"embeddable":true,"href":"https:\/\/www.mtess.gov.py\/index.php?rest_route=%2Fwp%2Fv2%2Fcomments&post=35767"}],"version-history":[{"count":1,"href":"https:\/\/www.mtess.gov.py\/index.php?rest_route=\/wp\/v2\/posts\/35767\/revisions"}],"predecessor-version":[{"id":35769,"href":"https:\/\/www.mtess.gov.py\/index.php?rest_route=\/wp\/v2\/posts\/35767\/revisions\/35769"}],"wp:featuredmedia":[{"embeddable":true,"href":"https:\/\/www.mtess.gov.py\/index.php?rest_route=\/wp\/v2\/media\/35768"}],"wp:attachment":[{"href":"https:\/\/www.mtess.gov.py\/index.php?rest_route=%2Fwp%2Fv2%2Fmedia&parent=35767"}],"wp:term":[{"taxonomy":"category","embeddable":true,"href":"https:\/\/www.mtess.gov.py\/index.php?rest_route=%2Fwp%2Fv2%2Fcategories&post=35767"},{"taxonomy":"post_tag","embeddable":true,"href":"https:\/\/www.mtess.gov.py\/index.php?rest_route=%2Fwp%2Fv2%2Ftags&post=35767"}],"curies":[{"name":"wp","href":"https:\/\/api.w.org\/{rel}","templated":true}]}}