{"id":6603,"date":"2024-05-17T22:30:00","date_gmt":"2024-05-18T02:30:00","guid":{"rendered":"https:\/\/bi.mtess.gov.py\/v1\/?p=6603"},"modified":"2024-05-17T22:30:00","modified_gmt":"2024-05-18T02:30:00","slug":"ministerio-de-trabajo-dispuso-suspension-del-paro-de-transporte-publico","status":"publish","type":"post","link":"https:\/\/www.mtess.gov.py\/?p=6603","title":{"rendered":"Ministerio de Trabajo dispuso suspensi\u00f3n del paro de transporte p\u00fablico"},"content":{"rendered":"<p data-redactor-inserted-image=\"true\"><\/p>\n<p data-redactor-inserted-image=\"true\">                                                                                                 \/files\/4817\/1622\/9609\/WhatsApp_Image_2024-05-20_at_14.14.07.jpeg\u00bb alt=\u00bb\u00bb width=\u00bb1620&#8243; height=\u00bb1080&#8243; id=\u00bbimage-marker\u00bb&gt;<\/p>\n<p>La medida, oficializada por Resoluci\u00f3n N\u00b0 257\/2024, se basa en la atribuci\u00f3n que tiene el Ministerio de Trabajo bajo el amparo de la Ley N\u00b0 1626, que busca garantizar la continuidad del servicio de transporte p\u00fablico y minimizar las inconveniencias para los ciudadanos que dependen diariamente de este servicio esencial.<\/p>\n<p>La instituci\u00f3n tambi\u00e9n dispuso la instalaci\u00f3n de una Comisi\u00f3n Bipartita encargada de la conciliaci\u00f3n de intereses entre las partes durante el plazo que dure la suspensi\u00f3n, al tiempo de establecer que mientras duren las negociaciones entre las partes no se suspender\u00e1 la prestaci\u00f3n del servicio imprescindible del transporte p\u00fablico. <\/p>\n<p>La informaci\u00f3n fue dada a conocer al t\u00e9rmino de la reuni\u00f3n que tuvo lugar este viernes en el MTESS, con participaci\u00f3n del viceministro de Trabajo, C\u00e9sar Segovia; el viceministro de Transporte, Emiliano R. Fern\u00e1ndez; y directivos del CETRAPAM. <\/p>\n<p>En la ocasi\u00f3n, el Gobierno reiter\u00f3 su compromiso con la ciudadan\u00eda de garantizar la continuidad de los servicios esenciales, en tanto se trabaja en soluciones que contribuyan a mejorar el sistema de transporte p\u00fablico en el \u00e1rea metropolitana de Asunci\u00f3n.<\/p>\n","protected":false},"excerpt":{"rendered":"<p>Con el objetivo de precautelar un servicio p\u00fablico fundamental y ante la falta de un acuerdo entre el Viceministerio de Transporte y el Centro de Empresarios de Transporte de Pasajeros del \u00c1rea Metropolitana (CETRAPAM), el Ministerio de Trabajo dispuso la suspensi\u00f3n por 22 d\u00edas del paro anunciado inicialmente para el 20 de mayo, por un plazo de 72 horas.<\/p>\n","protected":false},"author":7,"featured_media":27340,"comment_status":"open","ping_status":"open","sticky":false,"template":"","format":"standard","meta":{"_acf_changed":false,"_uag_custom_page_level_css":"","footnotes":""},"categories":[1],"tags":[],"class_list":["post-6603","post","type-post","status-publish","format-standard","has-post-thumbnail","hentry","category-sin-categoria"],"acf":[],"uagb_featured_image_src":{"full":["https:\/\/www.mtess.gov.py\/wp-content\/uploads\/2024\/05\/0d7cb558e3d5ffc7d878d727c7f743b2-12.jpeg",250,167,false],"thumbnail":["https:\/\/www.mtess.gov.py\/wp-content\/uploads\/2024\/05\/0d7cb558e3d5ffc7d878d727c7f743b2-12-150x150.jpeg",150,150,true],"medium":["https:\/\/www.mtess.gov.py\/wp-content\/uploads\/2024\/05\/0d7cb558e3d5ffc7d878d727c7f743b2-12.jpeg",250,167,false],"medium_large":["https:\/\/www.mtess.gov.py\/wp-content\/uploads\/2024\/05\/0d7cb558e3d5ffc7d878d727c7f743b2-12.jpeg",250,167,false],"large":["https:\/\/www.mtess.gov.py\/wp-content\/uploads\/2024\/05\/0d7cb558e3d5ffc7d878d727c7f743b2-12.jpeg",250,167,false],"1536x1536":["https:\/\/www.mtess.gov.py\/wp-content\/uploads\/2024\/05\/0d7cb558e3d5ffc7d878d727c7f743b2-12.jpeg",250,167,false],"2048x2048":["https:\/\/www.mtess.gov.py\/wp-content\/uploads\/2024\/05\/0d7cb558e3d5ffc7d878d727c7f743b2-12.jpeg",250,167,false],"depicter-thumbnail":["https:\/\/www.mtess.gov.py\/wp-content\/uploads\/2024\/05\/0d7cb558e3d5ffc7d878d727c7f743b2-12.jpeg",200,134,false]},"uagb_author_info":{"display_name":"Lucas Santacruz","author_link":"https:\/\/www.mtess.gov.py\/?author=7"},"uagb_comment_info":0,"uagb_excerpt":"Con el objetivo de precautelar un servicio p\u00fablico fundamental y ante la falta de un acuerdo entre el Viceministerio de Transporte y el Centro de Empresarios de Transporte de Pasajeros del \u00c1rea Metropolitana (CETRAPAM), el Ministerio de Trabajo dispuso la suspensi\u00f3n por 22 d\u00edas del paro anunciado inicialmente para el 20 de mayo, por un&hellip;","_links":{"self":[{"href":"https:\/\/www.mtess.gov.py\/index.php?rest_route=\/wp\/v2\/posts\/6603","targetHints":{"allow":["GET"]}}],"collection":[{"href":"https:\/\/www.mtess.gov.py\/index.php?rest_route=\/wp\/v2\/posts"}],"about":[{"href":"https:\/\/www.mtess.gov.py\/index.php?rest_route=\/wp\/v2\/types\/post"}],"author":[{"embeddable":true,"href":"https:\/\/www.mtess.gov.py\/index.php?rest_route=\/wp\/v2\/users\/7"}],"replies":[{"embeddable":true,"href":"https:\/\/www.mtess.gov.py\/index.php?rest_route=%2Fwp%2Fv2%2Fcomments&post=6603"}],"version-history":[{"count":0,"href":"https:\/\/www.mtess.gov.py\/index.php?rest_route=\/wp\/v2\/posts\/6603\/revisions"}],"wp:featuredmedia":[{"embeddable":true,"href":"https:\/\/www.mtess.gov.py\/index.php?rest_route=\/wp\/v2\/media\/27340"}],"wp:attachment":[{"href":"https:\/\/www.mtess.gov.py\/index.php?rest_route=%2Fwp%2Fv2%2Fmedia&parent=6603"}],"wp:term":[{"taxonomy":"category","embeddable":true,"href":"https:\/\/www.mtess.gov.py\/index.php?rest_route=%2Fwp%2Fv2%2Fcategories&post=6603"},{"taxonomy":"post_tag","embeddable":true,"href":"https:\/\/www.mtess.gov.py\/index.php?rest_route=%2Fwp%2Fv2%2Ftags&post=6603"}],"curies":[{"name":"wp","href":"https:\/\/api.w.org\/{rel}","templated":true}]}}