{"id":6606,"date":"2024-05-13T12:04:00","date_gmt":"2024-05-13T16:04:00","guid":{"rendered":"https:\/\/bi.mtess.gov.py\/v1\/?p=6606"},"modified":"2024-05-13T12:04:00","modified_gmt":"2024-05-13T16:04:00","slug":"mtess-y-empresarios-del-sector-de-la-belleza-crearan-instancia-para-avanzar-en-la-formalizacion-laboral","status":"publish","type":"post","link":"https:\/\/www.mtess.gov.py\/?p=6606","title":{"rendered":"MTESS y empresarios del sector de la belleza crear\u00e1n instancia para avanzar en la formalizaci\u00f3n laboral"},"content":{"rendered":"<p>Durante una reuni\u00f3n presidida por el viceministro de Trabajo, C\u00e9sar Segovia, los empresarios expresaron su inter\u00e9s en adoptar experiencias exitosas de la regi\u00f3n para aumentar el n\u00famero de salones de belleza legalizados. Este enfoque apunta a generar mayores ingresos fiscales y a ampliar la cantidad de profesionales alcanzados por la cobertura del seguro social.<\/p>\n<p>A solicitud de la Federaci\u00f3n, el abogado brasile\u00f1o Achiles Cavallo present\u00f3 el modelo del Derecho de Sal\u00f3n de Socios, que se implementa de forma voluntaria en su pa\u00eds, destacando su relevancia y alcance.<\/p>\n","protected":false},"excerpt":{"rendered":"<p>El Ministerio de Trabajo, Empleo y Seguridad Social y la Federaci\u00f3n de Empresarios de la Belleza acordaron establecer una mesa de di\u00e1logo con el objetivo de explorar v\u00edas que impulsen una mayor formalizaci\u00f3n laboral dentro del sector.<\/p>\n","protected":false},"author":7,"featured_media":27345,"comment_status":"open","ping_status":"open","sticky":false,"template":"","format":"standard","meta":{"_acf_changed":false,"_uag_custom_page_level_css":"","footnotes":""},"categories":[1],"tags":[],"class_list":["post-6606","post","type-post","status-publish","format-standard","has-post-thumbnail","hentry","category-sin-categoria"],"acf":[],"uagb_featured_image_src":{"full":["https:\/\/www.mtess.gov.py\/wp-content\/uploads\/2024\/05\/WhatsApp_Image_2024-05-12_at_12.16.04-20240926-183255.jpeg",1600,1066,false],"thumbnail":["https:\/\/www.mtess.gov.py\/wp-content\/uploads\/2024\/05\/WhatsApp_Image_2024-05-12_at_12.16.04-20240926-183255-150x150.jpeg",150,150,true],"medium":["https:\/\/www.mtess.gov.py\/wp-content\/uploads\/2024\/05\/WhatsApp_Image_2024-05-12_at_12.16.04-20240926-183255-300x200.jpeg",300,200,true],"medium_large":["https:\/\/www.mtess.gov.py\/wp-content\/uploads\/2024\/05\/WhatsApp_Image_2024-05-12_at_12.16.04-20240926-183255-768x512.jpeg",768,512,true],"large":["https:\/\/www.mtess.gov.py\/wp-content\/uploads\/2024\/05\/WhatsApp_Image_2024-05-12_at_12.16.04-20240926-183255-300x200.jpeg",300,200,true],"1536x1536":["https:\/\/www.mtess.gov.py\/wp-content\/uploads\/2024\/05\/WhatsApp_Image_2024-05-12_at_12.16.04-20240926-183255-1536x1023.jpeg",1536,1023,true],"2048x2048":["https:\/\/www.mtess.gov.py\/wp-content\/uploads\/2024\/05\/WhatsApp_Image_2024-05-12_at_12.16.04-20240926-183255.jpeg",1600,1066,false],"depicter-thumbnail":["https:\/\/www.mtess.gov.py\/wp-content\/uploads\/2024\/05\/WhatsApp_Image_2024-05-12_at_12.16.04-20240926-183255.jpeg",200,133,false]},"uagb_author_info":{"display_name":"Lucas Santacruz","author_link":"https:\/\/www.mtess.gov.py\/?author=7"},"uagb_comment_info":0,"uagb_excerpt":"El Ministerio de Trabajo, Empleo y Seguridad Social y la Federaci\u00f3n de Empresarios de la Belleza acordaron establecer una mesa de di\u00e1logo con el objetivo de explorar v\u00edas que impulsen una mayor formalizaci\u00f3n laboral dentro del sector.","_links":{"self":[{"href":"https:\/\/www.mtess.gov.py\/index.php?rest_route=\/wp\/v2\/posts\/6606","targetHints":{"allow":["GET"]}}],"collection":[{"href":"https:\/\/www.mtess.gov.py\/index.php?rest_route=\/wp\/v2\/posts"}],"about":[{"href":"https:\/\/www.mtess.gov.py\/index.php?rest_route=\/wp\/v2\/types\/post"}],"author":[{"embeddable":true,"href":"https:\/\/www.mtess.gov.py\/index.php?rest_route=\/wp\/v2\/users\/7"}],"replies":[{"embeddable":true,"href":"https:\/\/www.mtess.gov.py\/index.php?rest_route=%2Fwp%2Fv2%2Fcomments&post=6606"}],"version-history":[{"count":0,"href":"https:\/\/www.mtess.gov.py\/index.php?rest_route=\/wp\/v2\/posts\/6606\/revisions"}],"wp:featuredmedia":[{"embeddable":true,"href":"https:\/\/www.mtess.gov.py\/index.php?rest_route=\/wp\/v2\/media\/27345"}],"wp:attachment":[{"href":"https:\/\/www.mtess.gov.py\/index.php?rest_route=%2Fwp%2Fv2%2Fmedia&parent=6606"}],"wp:term":[{"taxonomy":"category","embeddable":true,"href":"https:\/\/www.mtess.gov.py\/index.php?rest_route=%2Fwp%2Fv2%2Fcategories&post=6606"},{"taxonomy":"post_tag","embeddable":true,"href":"https:\/\/www.mtess.gov.py\/index.php?rest_route=%2Fwp%2Fv2%2Ftags&post=6606"}],"curies":[{"name":"wp","href":"https:\/\/api.w.org\/{rel}","templated":true}]}}