{"id":6607,"date":"2024-05-13T08:08:00","date_gmt":"2024-05-13T12:08:00","guid":{"rendered":"https:\/\/bi.mtess.gov.py\/v1\/?p=6607"},"modified":"2024-05-13T08:08:00","modified_gmt":"2024-05-13T12:08:00","slug":"ministros-de-trabajo-del-mercosur-analizan-impacto-de-la-tecnologia-en-la-promocion-del-empleo-decente-en-la-region","status":"publish","type":"post","link":"https:\/\/www.mtess.gov.py\/?p=6607","title":{"rendered":"Ministros de Trabajo del Mercosur analizan impacto de la tecnolog\u00eda en la promoci\u00f3n del empleo decente en la regi\u00f3n"},"content":{"rendered":"<p>Presidi\u00f3 la reuni\u00f3n, desarrollada de manera virtual, la ministra de Trabajo, Empleo y Seguridad Social de nuestro pa\u00eds, M\u00f3nica Recalde. Participaron los ministros de Trabajo de Argentina, Julio Cordero; de Brasil, Luiz Marinho; y de Uruguay, Mario Arizti. <\/p>\n<p>Los secretarios de Estado coincidieron en la importancia de aprovechar el potencial de la tecnolog\u00eda para promover el empleo decente, al tiempo que se protegen los derechos de los trabajadores y se garantiza la equidad en el acceso y uso de las nuevas tecnolog\u00edas. <\/p>\n<p>Al respecto, expresaron la convicci\u00f3n de que el trabajo en todas sus formas, incluso a trav\u00e9s de aplicaciones y plataformas digitales, debe garantizar un ingreso digno, una jornada laboral adecuada y protecci\u00f3n social, sin desincentivar las inversiones en el sector. En todos los casos, coincidieron en la necesidad de que la legislaci\u00f3n sea producto del di\u00e1logo social entre el Estado, los trabajadores y el sector empresarial. <\/p>\n<p>En este sentido, insistieron en que la promoci\u00f3n del trabajo decente es un elemento central de las pol\u00edticas laborales y subrayaron la importancia de fortalecer el di\u00e1logo social como mecanismo para la construcci\u00f3n de consensos, la prevenci\u00f3n de conflictos y la promoci\u00f3n de relaciones laborales armoniosas y productivas.<\/p>\n<p>Asimismo, destacaron la necesidad de intensificar los esfuerzos para promover la igualdad de oportunidades en el mundo del trabajo, incluyendo la eliminaci\u00f3n de brechas salariales, la promoci\u00f3n de la participaci\u00f3n de las mujeres y el impulso del empleo juvenil. <\/p>\n<p>En otro punto, ratificaron el compromiso con la erradicaci\u00f3n del trabajo infantil y el trabajo forzoso, as\u00ed como con la reducci\u00f3n de la informalidad laboral. <\/p>\n<p>Finalmente, abogaron por el dise\u00f1o un Mercosur moderno, con capacidad de implementar pol\u00edticas para generar riqueza, empleo privado de calidad con crecimiento, solidario y con responsabilidades y obligaciones compartidas.<\/p>\n","protected":false},"excerpt":{"rendered":"<p>Bajo la Presidencia Pro T\u00e9mpore de Paraguay, los ministros de Trabajo del Mercosur aprobaron este viernes una declaraci\u00f3n conjunta en la que ratificaron el compromiso de la regi\u00f3n con el trabajo decente, el desarrollo sostenible y la inclusi\u00f3n laboral. Previamente, debatieron sobre los avances y desaf\u00edos en la regulaci\u00f3n del trabajo de plataformas digitales.<\/p>\n","protected":false},"author":7,"featured_media":27344,"comment_status":"open","ping_status":"open","sticky":false,"template":"","format":"standard","meta":{"_acf_changed":false,"_uag_custom_page_level_css":"","footnotes":""},"categories":[1],"tags":[],"class_list":["post-6607","post","type-post","status-publish","format-standard","has-post-thumbnail","hentry","category-sin-categoria"],"acf":[],"uagb_featured_image_src":{"full":["https:\/\/www.mtess.gov.py\/wp-content\/uploads\/2024\/05\/7879b7952256cd78d71daea8ba2bb04a-12.jpeg",250,168,false],"thumbnail":["https:\/\/www.mtess.gov.py\/wp-content\/uploads\/2024\/05\/7879b7952256cd78d71daea8ba2bb04a-12-150x150.jpeg",150,150,true],"medium":["https:\/\/www.mtess.gov.py\/wp-content\/uploads\/2024\/05\/7879b7952256cd78d71daea8ba2bb04a-12.jpeg",250,168,false],"medium_large":["https:\/\/www.mtess.gov.py\/wp-content\/uploads\/2024\/05\/7879b7952256cd78d71daea8ba2bb04a-12.jpeg",250,168,false],"large":["https:\/\/www.mtess.gov.py\/wp-content\/uploads\/2024\/05\/7879b7952256cd78d71daea8ba2bb04a-12.jpeg",250,168,false],"1536x1536":["https:\/\/www.mtess.gov.py\/wp-content\/uploads\/2024\/05\/7879b7952256cd78d71daea8ba2bb04a-12.jpeg",250,168,false],"2048x2048":["https:\/\/www.mtess.gov.py\/wp-content\/uploads\/2024\/05\/7879b7952256cd78d71daea8ba2bb04a-12.jpeg",250,168,false],"depicter-thumbnail":["https:\/\/www.mtess.gov.py\/wp-content\/uploads\/2024\/05\/7879b7952256cd78d71daea8ba2bb04a-12.jpeg",200,134,false]},"uagb_author_info":{"display_name":"Lucas Santacruz","author_link":"https:\/\/www.mtess.gov.py\/?author=7"},"uagb_comment_info":0,"uagb_excerpt":"Bajo la Presidencia Pro T\u00e9mpore de Paraguay, los ministros de Trabajo del Mercosur aprobaron este viernes una declaraci\u00f3n conjunta en la que ratificaron el compromiso de la regi\u00f3n con el trabajo decente, el desarrollo sostenible y la inclusi\u00f3n laboral. Previamente, debatieron sobre los avances y desaf\u00edos en la regulaci\u00f3n del trabajo de plataformas digitales.","_links":{"self":[{"href":"https:\/\/www.mtess.gov.py\/index.php?rest_route=\/wp\/v2\/posts\/6607","targetHints":{"allow":["GET"]}}],"collection":[{"href":"https:\/\/www.mtess.gov.py\/index.php?rest_route=\/wp\/v2\/posts"}],"about":[{"href":"https:\/\/www.mtess.gov.py\/index.php?rest_route=\/wp\/v2\/types\/post"}],"author":[{"embeddable":true,"href":"https:\/\/www.mtess.gov.py\/index.php?rest_route=\/wp\/v2\/users\/7"}],"replies":[{"embeddable":true,"href":"https:\/\/www.mtess.gov.py\/index.php?rest_route=%2Fwp%2Fv2%2Fcomments&post=6607"}],"version-history":[{"count":0,"href":"https:\/\/www.mtess.gov.py\/index.php?rest_route=\/wp\/v2\/posts\/6607\/revisions"}],"wp:featuredmedia":[{"embeddable":true,"href":"https:\/\/www.mtess.gov.py\/index.php?rest_route=\/wp\/v2\/media\/27344"}],"wp:attachment":[{"href":"https:\/\/www.mtess.gov.py\/index.php?rest_route=%2Fwp%2Fv2%2Fmedia&parent=6607"}],"wp:term":[{"taxonomy":"category","embeddable":true,"href":"https:\/\/www.mtess.gov.py\/index.php?rest_route=%2Fwp%2Fv2%2Fcategories&post=6607"},{"taxonomy":"post_tag","embeddable":true,"href":"https:\/\/www.mtess.gov.py\/index.php?rest_route=%2Fwp%2Fv2%2Ftags&post=6607"}],"curies":[{"name":"wp","href":"https:\/\/api.w.org\/{rel}","templated":true}]}}