{"id":6608,"date":"2024-05-08T21:23:00","date_gmt":"2024-05-09T01:23:00","guid":{"rendered":"https:\/\/bi.mtess.gov.py\/v1\/?p=6608"},"modified":"2024-05-08T21:23:00","modified_gmt":"2024-05-09T01:23:00","slug":"ministra-de-trabajo-aboga-por-un-modelo-de-formacion-dual-que-genere-a-una-alta-cualificacion-laboral","status":"publish","type":"post","link":"https:\/\/www.mtess.gov.py\/?p=6608","title":{"rendered":"Ministra de Trabajo aboga por un modelo de formaci\u00f3n dual que genere a una alta cualificaci\u00f3n laboral"},"content":{"rendered":"<p>El documento, elaborado en el marco de la Recomendaci\u00f3n 208 de la Organizaci\u00f3n Internacional del Trabajo (OIT) sobre los aprendizajes de calidad de formaci\u00f3n dual en Paraguay, fue socializado este mi\u00e9rcoles por el Ministerio de Trabajo, Empleo y Seguridad Social (MTESS) y el Sistema Nacional de Formaci\u00f3n y Capacitaci\u00f3n Laboral (SINAFOCAL), en un evento llevado a cabo en el Hotel Guaran\u00ed de Asunci\u00f3n, con presencia de los expertos de la OIT, del Ministerio de Educaci\u00f3n, empresarios y representantes de los trabajadores. <\/p>\n<p>\u201cLa formaci\u00f3n dual no es una pasant\u00eda, sino que tiene componentes para que la persona se profesionalice al m\u00e1s alto nivel para as\u00ed responder a los requerimientos de mano de obra de alta cualificaci\u00f3n por parte del mercado laboral\u201d, expres\u00f3 la titular del MTESS. <\/p>\n<p>Refiri\u00e9ndose al informe, mencion\u00f3 la necesidad de un marco regulatorio s\u00f3lido para la formaci\u00f3n dual, del cual hoy el pa\u00eds carece. Tambi\u00e9n resalt\u00f3 la pertinencia de discutir entre el Estado, los trabajadores y los empleadores las debidas responsabilidades para la aplicaci\u00f3n de este modelo.  Igualmente, se refiri\u00f3 a la pertinencia del modelo para el mercado de trabajo y c\u00f3mo puede contribuir en mejorar nuestra mano de obra. <\/p>\n<p>Por sobre todo, se\u00f1al\u00f3 la necesidad de la inclusi\u00f3n de los j\u00f3venes al mercado de trabajo, para complementar adecuadamente las inversiones en el sector productivo del pa\u00eds. <\/p>\n<p>La formaci\u00f3n profesional dual se define como un sistema de formaci\u00f3n mediante aprendizaje. Es un aprendizaje eficaz porque vincula la instrucci\u00f3n en el aula con la formaci\u00f3n en el lugar de trabajo y porque, se utilizan tanto los conocimientos de los empleadores como de los trabajadores.<\/p>\n<p>El objetivo del informe es contribuir a la mejora de la empleabilidad y a operar en la disminuci\u00f3n de la brecha entre la calidad y variedad de la oferta profesional y dar respuesta pertinente a la demanda del mercado de trabajo. <\/p>\n<p>Cabe resaltar que una de las recomendaciones 208 de la OIT habla de \u201caprendizaje\u201d como una forma de educaci\u00f3n y de formaci\u00f3n que se rige por un contrato de aprendizaje, que permite a adquirir las competencias requeridas para ejercer una ocupaci\u00f3n mediante una formaci\u00f3n estructurada con una remuneraci\u00f3n u otra compensaci\u00f3n financiera en el trabajo y fuera del trabajo, y que conduce a la obtenci\u00f3n de la cualificaci\u00f3n reconocida.<\/p>\n","protected":false},"excerpt":{"rendered":"<p>Repensar el modelo de formaci\u00f3n dual con que cuenta Paraguay para avanzar hacia uno que permita una alta cualificaci\u00f3n laboral, propuso la ministra de Trabajo, M\u00f3nica Recalde, durante la presentaci\u00f3n del informe \u201cActualidad y perspectiva de la Formaci\u00f3n Dual en Paraguay\u201d.<\/p>\n","protected":false},"author":7,"featured_media":27346,"comment_status":"open","ping_status":"open","sticky":false,"template":"","format":"standard","meta":{"_acf_changed":false,"_uag_custom_page_level_css":"","footnotes":""},"categories":[1],"tags":[],"class_list":["post-6608","post","type-post","status-publish","format-standard","has-post-thumbnail","hentry","category-sin-categoria"],"acf":[],"uagb_featured_image_src":{"full":["https:\/\/www.mtess.gov.py\/wp-content\/uploads\/2024\/05\/ebe4a30cf98a41c9a5867f1f48a7061c-12.jpeg",250,167,false],"thumbnail":["https:\/\/www.mtess.gov.py\/wp-content\/uploads\/2024\/05\/ebe4a30cf98a41c9a5867f1f48a7061c-12-150x150.jpeg",150,150,true],"medium":["https:\/\/www.mtess.gov.py\/wp-content\/uploads\/2024\/05\/ebe4a30cf98a41c9a5867f1f48a7061c-12.jpeg",250,167,false],"medium_large":["https:\/\/www.mtess.gov.py\/wp-content\/uploads\/2024\/05\/ebe4a30cf98a41c9a5867f1f48a7061c-12.jpeg",250,167,false],"large":["https:\/\/www.mtess.gov.py\/wp-content\/uploads\/2024\/05\/ebe4a30cf98a41c9a5867f1f48a7061c-12.jpeg",250,167,false],"1536x1536":["https:\/\/www.mtess.gov.py\/wp-content\/uploads\/2024\/05\/ebe4a30cf98a41c9a5867f1f48a7061c-12.jpeg",250,167,false],"2048x2048":["https:\/\/www.mtess.gov.py\/wp-content\/uploads\/2024\/05\/ebe4a30cf98a41c9a5867f1f48a7061c-12.jpeg",250,167,false],"depicter-thumbnail":["https:\/\/www.mtess.gov.py\/wp-content\/uploads\/2024\/05\/ebe4a30cf98a41c9a5867f1f48a7061c-12.jpeg",200,134,false]},"uagb_author_info":{"display_name":"Lucas Santacruz","author_link":"https:\/\/www.mtess.gov.py\/?author=7"},"uagb_comment_info":0,"uagb_excerpt":"Repensar el modelo de formaci\u00f3n dual con que cuenta Paraguay para avanzar hacia uno que permita una alta cualificaci\u00f3n laboral, propuso la ministra de Trabajo, M\u00f3nica Recalde, durante la presentaci\u00f3n del informe \u201cActualidad y perspectiva de la Formaci\u00f3n Dual en Paraguay\u201d.","_links":{"self":[{"href":"https:\/\/www.mtess.gov.py\/index.php?rest_route=\/wp\/v2\/posts\/6608","targetHints":{"allow":["GET"]}}],"collection":[{"href":"https:\/\/www.mtess.gov.py\/index.php?rest_route=\/wp\/v2\/posts"}],"about":[{"href":"https:\/\/www.mtess.gov.py\/index.php?rest_route=\/wp\/v2\/types\/post"}],"author":[{"embeddable":true,"href":"https:\/\/www.mtess.gov.py\/index.php?rest_route=\/wp\/v2\/users\/7"}],"replies":[{"embeddable":true,"href":"https:\/\/www.mtess.gov.py\/index.php?rest_route=%2Fwp%2Fv2%2Fcomments&post=6608"}],"version-history":[{"count":0,"href":"https:\/\/www.mtess.gov.py\/index.php?rest_route=\/wp\/v2\/posts\/6608\/revisions"}],"wp:featuredmedia":[{"embeddable":true,"href":"https:\/\/www.mtess.gov.py\/index.php?rest_route=\/wp\/v2\/media\/27346"}],"wp:attachment":[{"href":"https:\/\/www.mtess.gov.py\/index.php?rest_route=%2Fwp%2Fv2%2Fmedia&parent=6608"}],"wp:term":[{"taxonomy":"category","embeddable":true,"href":"https:\/\/www.mtess.gov.py\/index.php?rest_route=%2Fwp%2Fv2%2Fcategories&post=6608"},{"taxonomy":"post_tag","embeddable":true,"href":"https:\/\/www.mtess.gov.py\/index.php?rest_route=%2Fwp%2Fv2%2Ftags&post=6608"}],"curies":[{"name":"wp","href":"https:\/\/api.w.org\/{rel}","templated":true}]}}