{"id":6612,"date":"2024-04-29T21:45:00","date_gmt":"2024-04-30T01:45:00","guid":{"rendered":"https:\/\/bi.mtess.gov.py\/v1\/?p=6612"},"modified":"2024-04-29T21:45:00","modified_gmt":"2024-04-30T01:45:00","slug":"plantean-creacion-de-foro-permanente-sobre-el-impacto-del-cambio-climatico-en-el-trabajo","status":"publish","type":"post","link":"https:\/\/www.mtess.gov.py\/?p=6612","title":{"rendered":"Plantean creaci\u00f3n de foro permanente sobre el impacto del cambio clim\u00e1tico en el trabajo"},"content":{"rendered":"<p>Lanz\u00f3 el planteamiento el especialista en Gesti\u00f3n de Riesgos Naturales y Tecnol\u00f3gicos, Alejandro Buz\u00f3, quien a\u00f1adi\u00f3 que esta instancia deber\u00eda estar liderada por el MTESS, y encargarse de generar datos e insumos para las tomas de decisiones frente a los nuevos desaf\u00edos que se presentan en el \u00e1mbito de la salud y la seguridad en el trabajo. <\/p>\n<p>Refiri\u00f3 que la variabilidad del clima impacta en las labores cotidianas, en la salud y la econom\u00eda, por lo tanto, \u201cel marco laboral debe ajustarse a estos cambios clim\u00e1ticos y proteger al trabajador que se encuentra expuesto\u201d.<\/p>\n<p>A su turno, la especialista en medicina laboral, Laura Flores, describi\u00f3 los efectos del estr\u00e9s t\u00e9rmico por calor, enfatizando que la exposici\u00f3n de los trabajadores a temperaturas no adecuadas para sus labores inciden directamente en su salud y su productividad. <\/p>\n<p>Al respecto, sugiri\u00f3 aplicar medidas preventivas y garantizar tiempos de descanso para evitar efectos nocivos en el organismo. \u201cSe requiere el involucramiento de todos los actores para desarrollar de estrategia nacional, realizar el monitoreo, impulsar observatorios, gu\u00edas para empleadores, protocolos de emergencia y normativas al respecto\u201d, puntualiz\u00f3.<\/p>\n<p>Finalmente, el experto argentino Claudio San Juan, de la Superintendencia de Riesgos del Trabajo en Argentina, brind\u00f3 directrices a las organizaciones sobre el proyecto de norma ISO 45007 de \u201cRiesgos de Seguridad y Salud en el Trabajo, derivados del cambio clim\u00e1tico y la acci\u00f3n clim\u00e1tica\u201d. En su disertaci\u00f3n, se\u00f1al\u00f3 que \u201cse trata de una norma internacional que proporciona lineamientos para gestionar los riesgos de seguridad y salud en el trabajo. Busca ayudar a las organizaciones a identificar, evaluar y gestionar los riesgos relativos a este tema, a fin de mejorar las condiciones laborales\u201d. <\/p>\n<p>El seminario \u201cIncidencias del Cambio Clim\u00e1tico en la Salud y Seguridad en el Trabajo\u201d, se llev\u00f3 a cabo en el Hotel Crowne Plaza, con la presencia de la Ministra del Trabajo, M\u00f3nica Recalde, tras autoridades nacionales y expertos en salud y seguridad ocupacional. La actividad tuvo lugar en ocasi\u00f3n del D\u00eda Mundial de la Seguridad y la Salud en el Trabajo, que se conmemora cada 28 de abril.<\/p>\n","protected":false},"excerpt":{"rendered":"<p>La creaci\u00f3n de un foro permanente de expertos que se encargue de analizar el impacto del cambio clim\u00e1tico en el trabajo fue una de las propuestas planteadas durante el seminario sobre salud y seguridad ocupacional que se realiz\u00f3 este jueves, organizado por el Ministerio de Trabajo, Empleo y Seguridad Social (MTESS).<\/p>\n","protected":false},"author":7,"featured_media":27352,"comment_status":"open","ping_status":"open","sticky":false,"template":"","format":"standard","meta":{"_acf_changed":false,"_uag_custom_page_level_css":"","footnotes":""},"categories":[1],"tags":[],"class_list":["post-6612","post","type-post","status-publish","format-standard","has-post-thumbnail","hentry","category-sin-categoria"],"acf":[],"uagb_featured_image_src":{"full":["https:\/\/www.mtess.gov.py\/wp-content\/uploads\/2024\/04\/cf8ebc145d67c2a3fab383b25c2d1e6f-12.jpeg",250,167,false],"thumbnail":["https:\/\/www.mtess.gov.py\/wp-content\/uploads\/2024\/04\/cf8ebc145d67c2a3fab383b25c2d1e6f-12-150x150.jpeg",150,150,true],"medium":["https:\/\/www.mtess.gov.py\/wp-content\/uploads\/2024\/04\/cf8ebc145d67c2a3fab383b25c2d1e6f-12.jpeg",250,167,false],"medium_large":["https:\/\/www.mtess.gov.py\/wp-content\/uploads\/2024\/04\/cf8ebc145d67c2a3fab383b25c2d1e6f-12.jpeg",250,167,false],"large":["https:\/\/www.mtess.gov.py\/wp-content\/uploads\/2024\/04\/cf8ebc145d67c2a3fab383b25c2d1e6f-12.jpeg",250,167,false],"1536x1536":["https:\/\/www.mtess.gov.py\/wp-content\/uploads\/2024\/04\/cf8ebc145d67c2a3fab383b25c2d1e6f-12.jpeg",250,167,false],"2048x2048":["https:\/\/www.mtess.gov.py\/wp-content\/uploads\/2024\/04\/cf8ebc145d67c2a3fab383b25c2d1e6f-12.jpeg",250,167,false],"depicter-thumbnail":["https:\/\/www.mtess.gov.py\/wp-content\/uploads\/2024\/04\/cf8ebc145d67c2a3fab383b25c2d1e6f-12.jpeg",200,134,false]},"uagb_author_info":{"display_name":"Lucas Santacruz","author_link":"https:\/\/www.mtess.gov.py\/?author=7"},"uagb_comment_info":0,"uagb_excerpt":"La creaci\u00f3n de un foro permanente de expertos que se encargue de analizar el impacto del cambio clim\u00e1tico en el trabajo fue una de las propuestas planteadas durante el seminario sobre salud y seguridad ocupacional que se realiz\u00f3 este jueves, organizado por el Ministerio de Trabajo, Empleo y Seguridad Social (MTESS).","_links":{"self":[{"href":"https:\/\/www.mtess.gov.py\/index.php?rest_route=\/wp\/v2\/posts\/6612","targetHints":{"allow":["GET"]}}],"collection":[{"href":"https:\/\/www.mtess.gov.py\/index.php?rest_route=\/wp\/v2\/posts"}],"about":[{"href":"https:\/\/www.mtess.gov.py\/index.php?rest_route=\/wp\/v2\/types\/post"}],"author":[{"embeddable":true,"href":"https:\/\/www.mtess.gov.py\/index.php?rest_route=\/wp\/v2\/users\/7"}],"replies":[{"embeddable":true,"href":"https:\/\/www.mtess.gov.py\/index.php?rest_route=%2Fwp%2Fv2%2Fcomments&post=6612"}],"version-history":[{"count":0,"href":"https:\/\/www.mtess.gov.py\/index.php?rest_route=\/wp\/v2\/posts\/6612\/revisions"}],"wp:featuredmedia":[{"embeddable":true,"href":"https:\/\/www.mtess.gov.py\/index.php?rest_route=\/wp\/v2\/media\/27352"}],"wp:attachment":[{"href":"https:\/\/www.mtess.gov.py\/index.php?rest_route=%2Fwp%2Fv2%2Fmedia&parent=6612"}],"wp:term":[{"taxonomy":"category","embeddable":true,"href":"https:\/\/www.mtess.gov.py\/index.php?rest_route=%2Fwp%2Fv2%2Fcategories&post=6612"},{"taxonomy":"post_tag","embeddable":true,"href":"https:\/\/www.mtess.gov.py\/index.php?rest_route=%2Fwp%2Fv2%2Ftags&post=6612"}],"curies":[{"name":"wp","href":"https:\/\/api.w.org\/{rel}","templated":true}]}}