{"id":6617,"date":"2024-04-25T21:55:00","date_gmt":"2024-04-26T01:55:00","guid":{"rendered":"https:\/\/bi.mtess.gov.py\/v1\/?p=6617"},"modified":"2024-04-25T21:55:00","modified_gmt":"2024-04-26T01:55:00","slug":"creciente-incidencia-del-cambio-climatico-en-la-salud-y-seguridad-de-los-trabajadores-demanda-intervencion-solida-por-parte-del-estado","status":"publish","type":"post","link":"https:\/\/www.mtess.gov.py\/?p=6617","title":{"rendered":"Creciente incidencia del cambio clim\u00e1tico en la salud y seguridad de los trabajadores demanda intervenci\u00f3n s\u00f3lida por parte del Estado"},"content":{"rendered":"<p>\u201cNuestros trabajadores hoy est\u00e1n expuestos a calores extremos y a otros fen\u00f3menos asociados al cambio clim\u00e1tico. Por eso es importante discutir estas cuestiones, porque son factores que inciden en la expectativa de vida en el \u00e1mbito laboral\u201d, plante\u00f3 la titular del Ministerio de Trabajo, Empleo y Seguridad Social. <\/p>\n<p>Ante este desaf\u00edo, Recalde enfatiz\u00f3 la necesidad de renovar el compromiso estatal en la formulaci\u00f3n de pol\u00edticas preventivas y en el fortalecimiento de los mecanismos de supervisi\u00f3n, subrayando la importancia de una colaboraci\u00f3n interinstitucional con el Instituto de Previsi\u00f3n Social, los ministerios de Salud y del Ambiente, as\u00ed como los actores especializados en salud y seguridad ocupacional de la sociedad en general.<\/p>\n<p>Durante el evento, expertos locales e internacionales debatieron sobre el impacto del cambio clim\u00e1tico en el entorno laboral, las enfermedades y accidentes laborales, adem\u00e1s de abordar las normativas nacionales y los procesos en materia de salud y seguridad ocupacional.<\/p>\n<p>Es con el prop\u00f3sito de abordar las repercusiones del cambio clim\u00e1tico en la salud y seguridad laboral, con un enfoque en la prevenci\u00f3n y mitigaci\u00f3n de riesgos para los trabajadores. Esto se vuelve fundamental en un contexto de variabilidad clim\u00e1tica que se traduce en condiciones extremas de temperatura, contaminaci\u00f3n atmosf\u00e9rica, eventos meteorol\u00f3gicos extremos y la propagaci\u00f3n de enfermedades transmitidas por vectores, entre otros desaf\u00edos que afectan el entorno laboral.<\/p>\n<p>Es importante resaltar que el 28 de abril se conmemora el D\u00eda Nacional e Internacional de la Seguridad y Salud en el Trabajo, con el prop\u00f3sito de sensibilizar sobre la prevenci\u00f3n de accidentes laborales y enfermedades profesionales en todo el mundo. Esta campa\u00f1a busca concienciar tanto a empleadores como a trabajadores sobre la importancia de reducir el n\u00famero de muertes y lesiones relacionadas con el trabajo, se\u00f1al\u00f3 el viceministro de Trabajo, C\u00e9sar Segovia, quien inaugur\u00f3 el evento junto al presidente del IPS, Jorge Br\u00edtez.<\/p>\n","protected":false},"excerpt":{"rendered":"<p>Las condiciones clim\u00e1ticas extremas a las cuales est\u00e1n expuestos los trabajadores en la actualidad obligan a reforzar el rol del Estado en la educaci\u00f3n y los controles para la prevenci\u00f3n de riesgos laborales, se\u00f1al\u00f3 la ministra de Trabajo, M\u00f3nica Recalde, en la apertura del seminario desarrollada este jueves en Asunci\u00f3n, para abordar precisamente las incidencias del cambio clim\u00e1tico en la salud y seguridad ocupacional.<\/p>\n","protected":false},"author":7,"featured_media":27355,"comment_status":"open","ping_status":"open","sticky":false,"template":"","format":"standard","meta":{"_acf_changed":false,"_uag_custom_page_level_css":"","footnotes":""},"categories":[1],"tags":[],"class_list":["post-6617","post","type-post","status-publish","format-standard","has-post-thumbnail","hentry","category-sin-categoria"],"acf":[],"uagb_featured_image_src":{"full":["https:\/\/www.mtess.gov.py\/wp-content\/uploads\/2024\/04\/8a6d085ca904ec05203940c9364ce08f-12.jpeg",250,156,false],"thumbnail":["https:\/\/www.mtess.gov.py\/wp-content\/uploads\/2024\/04\/8a6d085ca904ec05203940c9364ce08f-12-150x150.jpeg",150,150,true],"medium":["https:\/\/www.mtess.gov.py\/wp-content\/uploads\/2024\/04\/8a6d085ca904ec05203940c9364ce08f-12.jpeg",250,156,false],"medium_large":["https:\/\/www.mtess.gov.py\/wp-content\/uploads\/2024\/04\/8a6d085ca904ec05203940c9364ce08f-12.jpeg",250,156,false],"large":["https:\/\/www.mtess.gov.py\/wp-content\/uploads\/2024\/04\/8a6d085ca904ec05203940c9364ce08f-12.jpeg",250,156,false],"1536x1536":["https:\/\/www.mtess.gov.py\/wp-content\/uploads\/2024\/04\/8a6d085ca904ec05203940c9364ce08f-12.jpeg",250,156,false],"2048x2048":["https:\/\/www.mtess.gov.py\/wp-content\/uploads\/2024\/04\/8a6d085ca904ec05203940c9364ce08f-12.jpeg",250,156,false],"depicter-thumbnail":["https:\/\/www.mtess.gov.py\/wp-content\/uploads\/2024\/04\/8a6d085ca904ec05203940c9364ce08f-12.jpeg",200,125,false]},"uagb_author_info":{"display_name":"Lucas Santacruz","author_link":"https:\/\/www.mtess.gov.py\/?author=7"},"uagb_comment_info":0,"uagb_excerpt":"Las condiciones clim\u00e1ticas extremas a las cuales est\u00e1n expuestos los trabajadores en la actualidad obligan a reforzar el rol del Estado en la educaci\u00f3n y los controles para la prevenci\u00f3n de riesgos laborales, se\u00f1al\u00f3 la ministra de Trabajo, M\u00f3nica Recalde, en la apertura del seminario desarrollada este jueves en Asunci\u00f3n, para abordar precisamente las incidencias&hellip;","_links":{"self":[{"href":"https:\/\/www.mtess.gov.py\/index.php?rest_route=\/wp\/v2\/posts\/6617","targetHints":{"allow":["GET"]}}],"collection":[{"href":"https:\/\/www.mtess.gov.py\/index.php?rest_route=\/wp\/v2\/posts"}],"about":[{"href":"https:\/\/www.mtess.gov.py\/index.php?rest_route=\/wp\/v2\/types\/post"}],"author":[{"embeddable":true,"href":"https:\/\/www.mtess.gov.py\/index.php?rest_route=\/wp\/v2\/users\/7"}],"replies":[{"embeddable":true,"href":"https:\/\/www.mtess.gov.py\/index.php?rest_route=%2Fwp%2Fv2%2Fcomments&post=6617"}],"version-history":[{"count":0,"href":"https:\/\/www.mtess.gov.py\/index.php?rest_route=\/wp\/v2\/posts\/6617\/revisions"}],"wp:featuredmedia":[{"embeddable":true,"href":"https:\/\/www.mtess.gov.py\/index.php?rest_route=\/wp\/v2\/media\/27355"}],"wp:attachment":[{"href":"https:\/\/www.mtess.gov.py\/index.php?rest_route=%2Fwp%2Fv2%2Fmedia&parent=6617"}],"wp:term":[{"taxonomy":"category","embeddable":true,"href":"https:\/\/www.mtess.gov.py\/index.php?rest_route=%2Fwp%2Fv2%2Fcategories&post=6617"},{"taxonomy":"post_tag","embeddable":true,"href":"https:\/\/www.mtess.gov.py\/index.php?rest_route=%2Fwp%2Fv2%2Ftags&post=6617"}],"curies":[{"name":"wp","href":"https:\/\/api.w.org\/{rel}","templated":true}]}}