{"id":6618,"date":"2024-04-25T21:02:00","date_gmt":"2024-04-26T01:02:00","guid":{"rendered":"https:\/\/bi.mtess.gov.py\/v1\/?p=6618"},"modified":"2024-04-25T21:02:00","modified_gmt":"2024-04-26T01:02:00","slug":"ministerio-de-trabajo-y-empresas-electricas-apuntalan-formalizacion-capacitacion-y-reduccion-de-accidentes-laborales","status":"publish","type":"post","link":"https:\/\/www.mtess.gov.py\/?p=6618","title":{"rendered":"Ministerio de Trabajo y empresas el\u00e9ctricas apuntalan formalizaci\u00f3n, capacitaci\u00f3n y reducci\u00f3n de accidentes laborales"},"content":{"rendered":"<p>La ministra Recalde expres\u00f3 su satisfacci\u00f3n con los resultados obtenidos de los cursos te\u00f3rico-pr\u00e1cticos para electricistas que se imparten a trav\u00e9s del Sinafocal, en colaboraci\u00f3n con CECOEL, en las regiones de Central y Alto Paran\u00e1. Adem\u00e1s, manifest\u00f3 la intenci\u00f3n de establcer un enfoque dentro de las colaboraciones conjuntas para la formalizaci\u00f3n  de trabajadores del sector y en la implementaci\u00f3n de medidas s\u00f3lidas de seguridad y salud ocupacional, con el fin de reducir significativamente los accidentes laborales en el rubro.<\/p>\n<p>Por su parte, Felippo destac\u00f3 la importancia de contar con empresas formalizadas y con empleados altamente capacitados, lo cual puede ser un incentivo valioso para las empresas al momento de optar por contratos, especialmente en el sector p\u00fablico, debido a la calidad de ejecuci\u00f3n de trabajos delicados que caracterizan a este sector.<\/p>\n<p>La reuni\u00f3n cont\u00f3 con la presencia del viceministro de Trabajo, C\u00e9sar Segovia; el director de Empleo, Wilberto Otaz\u00fa; as\u00ed como los directivos de CECOEL, Anal\u00eda Morales y Emilio Gill.<\/p>\n","protected":false},"excerpt":{"rendered":"<p>El Ministerio de Trabajo, Empleo y Seguridad Social (MTESS) junto con la C\u00e1mara de Empresas de Obras Electromec\u00e1nicas (CECOEL) han conversado esta ma\u00f1ana en establecer acciones conjuntas que fortalezcan la capacitaci\u00f3n, la formalizaci\u00f3n y la prevenci\u00f3n de riesgos laborales, con el prop\u00f3sito de elevar los est\u00e1ndares de calidad en los servicios proporcionados por las compa\u00f1\u00edas dentro de este sector.<\/p>\n","protected":false},"author":7,"featured_media":27356,"comment_status":"open","ping_status":"open","sticky":false,"template":"","format":"standard","meta":{"_acf_changed":false,"_uag_custom_page_level_css":"","footnotes":""},"categories":[1],"tags":[],"class_list":["post-6618","post","type-post","status-publish","format-standard","has-post-thumbnail","hentry","category-sin-categoria"],"acf":[],"uagb_featured_image_src":{"full":["https:\/\/www.mtess.gov.py\/wp-content\/uploads\/2024\/04\/fddf7c2de5e4201c14956e36127160f1-12.jpeg",250,141,false],"thumbnail":["https:\/\/www.mtess.gov.py\/wp-content\/uploads\/2024\/04\/fddf7c2de5e4201c14956e36127160f1-12-150x141.jpeg",150,141,true],"medium":["https:\/\/www.mtess.gov.py\/wp-content\/uploads\/2024\/04\/fddf7c2de5e4201c14956e36127160f1-12.jpeg",250,141,false],"medium_large":["https:\/\/www.mtess.gov.py\/wp-content\/uploads\/2024\/04\/fddf7c2de5e4201c14956e36127160f1-12.jpeg",250,141,false],"large":["https:\/\/www.mtess.gov.py\/wp-content\/uploads\/2024\/04\/fddf7c2de5e4201c14956e36127160f1-12.jpeg",250,141,false],"1536x1536":["https:\/\/www.mtess.gov.py\/wp-content\/uploads\/2024\/04\/fddf7c2de5e4201c14956e36127160f1-12.jpeg",250,141,false],"2048x2048":["https:\/\/www.mtess.gov.py\/wp-content\/uploads\/2024\/04\/fddf7c2de5e4201c14956e36127160f1-12.jpeg",250,141,false],"depicter-thumbnail":["https:\/\/www.mtess.gov.py\/wp-content\/uploads\/2024\/04\/fddf7c2de5e4201c14956e36127160f1-12.jpeg",200,113,false]},"uagb_author_info":{"display_name":"Lucas Santacruz","author_link":"https:\/\/www.mtess.gov.py\/?author=7"},"uagb_comment_info":0,"uagb_excerpt":"El Ministerio de Trabajo, Empleo y Seguridad Social (MTESS) junto con la C\u00e1mara de Empresas de Obras Electromec\u00e1nicas (CECOEL) han conversado esta ma\u00f1ana en establecer acciones conjuntas que fortalezcan la capacitaci\u00f3n, la formalizaci\u00f3n y la prevenci\u00f3n de riesgos laborales, con el prop\u00f3sito de elevar los est\u00e1ndares de calidad en los servicios proporcionados por las compa\u00f1\u00edas&hellip;","_links":{"self":[{"href":"https:\/\/www.mtess.gov.py\/index.php?rest_route=\/wp\/v2\/posts\/6618","targetHints":{"allow":["GET"]}}],"collection":[{"href":"https:\/\/www.mtess.gov.py\/index.php?rest_route=\/wp\/v2\/posts"}],"about":[{"href":"https:\/\/www.mtess.gov.py\/index.php?rest_route=\/wp\/v2\/types\/post"}],"author":[{"embeddable":true,"href":"https:\/\/www.mtess.gov.py\/index.php?rest_route=\/wp\/v2\/users\/7"}],"replies":[{"embeddable":true,"href":"https:\/\/www.mtess.gov.py\/index.php?rest_route=%2Fwp%2Fv2%2Fcomments&post=6618"}],"version-history":[{"count":0,"href":"https:\/\/www.mtess.gov.py\/index.php?rest_route=\/wp\/v2\/posts\/6618\/revisions"}],"wp:featuredmedia":[{"embeddable":true,"href":"https:\/\/www.mtess.gov.py\/index.php?rest_route=\/wp\/v2\/media\/27356"}],"wp:attachment":[{"href":"https:\/\/www.mtess.gov.py\/index.php?rest_route=%2Fwp%2Fv2%2Fmedia&parent=6618"}],"wp:term":[{"taxonomy":"category","embeddable":true,"href":"https:\/\/www.mtess.gov.py\/index.php?rest_route=%2Fwp%2Fv2%2Fcategories&post=6618"},{"taxonomy":"post_tag","embeddable":true,"href":"https:\/\/www.mtess.gov.py\/index.php?rest_route=%2Fwp%2Fv2%2Ftags&post=6618"}],"curies":[{"name":"wp","href":"https:\/\/api.w.org\/{rel}","templated":true}]}}