{"id":6620,"date":"2024-04-23T19:30:00","date_gmt":"2024-04-23T23:30:00","guid":{"rendered":"https:\/\/bi.mtess.gov.py\/v1\/?p=6620"},"modified":"2024-04-23T19:30:00","modified_gmt":"2024-04-23T23:30:00","slug":"especialistas-analizaran-las-incidencias-del-cambio-climatico-en-la-salud-y-seguridad-en-el-trabajo","status":"publish","type":"post","link":"https:\/\/www.mtess.gov.py\/?p=6620","title":{"rendered":"Especialistas analizar\u00e1n las incidencias del cambio clim\u00e1tico en la salud y seguridad en el trabajo"},"content":{"rendered":"<p>El prop\u00f3sito de este evento es abordar las repercusiones del cambio clim\u00e1tico en la salud y seguridad laboral, con un enfoque en la prevenci\u00f3n y mitigaci\u00f3n de riesgos para los trabajadores. Esto se vuelve fundamental en un contexto de variabilidad clim\u00e1tica que se traduce en condiciones extremas de temperatura, contaminaci\u00f3n atmosf\u00e9rica, eventos meteorol\u00f3gicos extremos y la propagaci\u00f3n de enfermedades transmitidas por vectores, entre otros desaf\u00edos que afectan el entorno laboral.<\/p>\n<p>La apertura del seminario estar\u00e1 a cargo de la ministra de Trabajo, M\u00f3nica Recalde, quien presentar\u00e1 en la ocasi\u00f3n el programa Trabaja Seguro. Este programa busca fomentar un ambiente laboral seguro mediante la prevenci\u00f3n y control de riesgos, as\u00ed como la promoci\u00f3n de la seguridad y salud ocupacional.<\/p>\n<p>Durante el evento, se llevar\u00e1n a cabo paneles a cargo de especialistas locales e internacionales que abordar\u00e1n temas como el impacto del cambio clim\u00e1tico en el trabajo, las enfermedades y accidentes laborales, as\u00ed como las normativas nacionales y los procesos en salud y seguridad ocupacional.<\/p>\n<p>El seminario se desarrollar\u00e1 en dos modalidades: presencial y cerrada, dirigida a profesionales del \u00e1mbito de la salud y seguridad en el trabajo, y virtual, abierta al p\u00fablico en general mediante inscripci\u00f3n previa en este enlace: <a href=\"https:\/\/zoom.us\/webinar\/register\/WN_HYG3MrYATdmqUKxKkMSNzw#\/registration\">https:\/\/zoom.us\/webinar\/register\/WN_HYG3MrYATdmqUK&#8230;<\/a><\/p>\n<p>Es importante destacar que el 28 de abril se conmemora el D\u00eda Nacional e Internacional de la Seguridad y Salud en el Trabajo, con el objetivo de sensibilizar sobre la prevenci\u00f3n de accidentes laborales y enfermedades profesionales en todo el mundo. Esta campa\u00f1a busca concientizar tanto a empleadores como a trabajadores sobre la importancia de reducir el n\u00famero de muertes y lesiones relacionadas con el trabajo.<\/p>\n","protected":false},"excerpt":{"rendered":"<p>Con participaci\u00f3n de especialistas nacionales e internacionales, el Ministerio de Trabajo, Empleo y Seguridad Social (MTESS) organiza un seminario para abordar las incidencias del cambio clim\u00e1tico en la salud y seguridad en el trabajo, a realizarse este jueves 25 de abril, de 8:00 a 12:00, en el Hotel Crowne Plaza, de Asunci\u00f3n. Esta actividad se enmarca dentro de la conmemoraci\u00f3n del D\u00eda Internacional de la Seguridad y Salud en el Trabajo.<\/p>\n","protected":false},"author":7,"featured_media":27358,"comment_status":"open","ping_status":"open","sticky":false,"template":"","format":"standard","meta":{"_acf_changed":false,"_uag_custom_page_level_css":"","footnotes":""},"categories":[1],"tags":[],"class_list":["post-6620","post","type-post","status-publish","format-standard","has-post-thumbnail","hentry","category-sin-categoria"],"acf":[],"uagb_featured_image_src":{"full":["https:\/\/www.mtess.gov.py\/wp-content\/uploads\/2024\/04\/6e29a60cf611fccd94213bf21ea184f3-12.jpeg",250,250,false],"thumbnail":["https:\/\/www.mtess.gov.py\/wp-content\/uploads\/2024\/04\/6e29a60cf611fccd94213bf21ea184f3-12-150x150.jpeg",150,150,true],"medium":["https:\/\/www.mtess.gov.py\/wp-content\/uploads\/2024\/04\/6e29a60cf611fccd94213bf21ea184f3-12.jpeg",250,250,false],"medium_large":["https:\/\/www.mtess.gov.py\/wp-content\/uploads\/2024\/04\/6e29a60cf611fccd94213bf21ea184f3-12.jpeg",250,250,false],"large":["https:\/\/www.mtess.gov.py\/wp-content\/uploads\/2024\/04\/6e29a60cf611fccd94213bf21ea184f3-12.jpeg",250,250,false],"1536x1536":["https:\/\/www.mtess.gov.py\/wp-content\/uploads\/2024\/04\/6e29a60cf611fccd94213bf21ea184f3-12.jpeg",250,250,false],"2048x2048":["https:\/\/www.mtess.gov.py\/wp-content\/uploads\/2024\/04\/6e29a60cf611fccd94213bf21ea184f3-12.jpeg",250,250,false],"depicter-thumbnail":["https:\/\/www.mtess.gov.py\/wp-content\/uploads\/2024\/04\/6e29a60cf611fccd94213bf21ea184f3-12.jpeg",200,200,false]},"uagb_author_info":{"display_name":"Lucas Santacruz","author_link":"https:\/\/www.mtess.gov.py\/?author=7"},"uagb_comment_info":0,"uagb_excerpt":"Con participaci\u00f3n de especialistas nacionales e internacionales, el Ministerio de Trabajo, Empleo y Seguridad Social (MTESS) organiza un seminario para abordar las incidencias del cambio clim\u00e1tico en la salud y seguridad en el trabajo, a realizarse este jueves 25 de abril, de 8:00 a 12:00, en el Hotel Crowne Plaza, de Asunci\u00f3n. Esta actividad se&hellip;","_links":{"self":[{"href":"https:\/\/www.mtess.gov.py\/index.php?rest_route=\/wp\/v2\/posts\/6620","targetHints":{"allow":["GET"]}}],"collection":[{"href":"https:\/\/www.mtess.gov.py\/index.php?rest_route=\/wp\/v2\/posts"}],"about":[{"href":"https:\/\/www.mtess.gov.py\/index.php?rest_route=\/wp\/v2\/types\/post"}],"author":[{"embeddable":true,"href":"https:\/\/www.mtess.gov.py\/index.php?rest_route=\/wp\/v2\/users\/7"}],"replies":[{"embeddable":true,"href":"https:\/\/www.mtess.gov.py\/index.php?rest_route=%2Fwp%2Fv2%2Fcomments&post=6620"}],"version-history":[{"count":0,"href":"https:\/\/www.mtess.gov.py\/index.php?rest_route=\/wp\/v2\/posts\/6620\/revisions"}],"wp:featuredmedia":[{"embeddable":true,"href":"https:\/\/www.mtess.gov.py\/index.php?rest_route=\/wp\/v2\/media\/27358"}],"wp:attachment":[{"href":"https:\/\/www.mtess.gov.py\/index.php?rest_route=%2Fwp%2Fv2%2Fmedia&parent=6620"}],"wp:term":[{"taxonomy":"category","embeddable":true,"href":"https:\/\/www.mtess.gov.py\/index.php?rest_route=%2Fwp%2Fv2%2Fcategories&post=6620"},{"taxonomy":"post_tag","embeddable":true,"href":"https:\/\/www.mtess.gov.py\/index.php?rest_route=%2Fwp%2Fv2%2Ftags&post=6620"}],"curies":[{"name":"wp","href":"https:\/\/api.w.org\/{rel}","templated":true}]}}