{"id":6622,"date":"2024-04-15T21:35:00","date_gmt":"2024-04-16T01:35:00","guid":{"rendered":"https:\/\/bi.mtess.gov.py\/v1\/?p=6622"},"modified":"2024-04-15T21:35:00","modified_gmt":"2024-04-16T01:35:00","slug":"comisiones-tecnicas-analizan-situacion-de-los-planes-sociolaborales-del-mercosur","status":"publish","type":"post","link":"https:\/\/www.mtess.gov.py\/?p=6622","title":{"rendered":"Comisiones t\u00e9cnicas analizan situaci\u00f3n de los planes sociolaborales del Mercosur"},"content":{"rendered":"<p>El pasado 9 de abril tuvo lugar la reuni\u00f3n del Equipo T\u00e9cnico de Seguridad y Protecci\u00f3n Social, que se enfoca en planes para facilitar la circulaci\u00f3n de trabajadores en el Mercosur y abord\u00f3, entro otros puntos, la realizaci\u00f3n de un estudio comparado sobre el sistema de protecci\u00f3n social de los Estados Partes del bloque. <\/p>\n<p>Al siguiente d\u00eda, hizo lo propio la Comisi\u00f3n Operativa Coordinadora del Plan regional de Inspecci\u00f3n del Trabajo, para analizar las inspecciones conjuntas e intercambio de buenas pr\u00e1cticas en el \u00e1mbito log\u00edstico y el sector de transporte de pasajeros y de carga.<\/p>\n<p>El pasado 11 de abril se reuni\u00f3 el Equipo T\u00e9cnico del Plan regional para la Prevenci\u00f3n y Erradicaci\u00f3n del Trabajo Forzoso y la Trata de Personas con fines de Explotaci\u00f3n Laboral. Esta comisi\u00f3n analiz\u00f3 la situaci\u00f3n del proyecto relacionado con la campa\u00f1a de prevenci\u00f3n del trabajo forzoso y la trata de personas con fines de explotaci\u00f3n laboral, entre otros temas. <\/p>\n<p>El 12 de abril se desarroll\u00f3 la reuni\u00f3n de la Unidad Ejecutora del Plan regional de Prevenci\u00f3n y Erradicaci\u00f3n del Trabajo Infantil, para pasar revista sobre la situaci\u00f3n de esta problem\u00e1tica y definir las pr\u00f3ximas acciones. <\/p>\n<p>Este lunes, se reuni\u00f3 la Comisi\u00f3n del Equipo T\u00e9cnico de Salud y Seguridad en el Trabajo del Mercosur, a fin de actualizar los datos estad\u00edsticos sobre accidente de trabajo, analizar operaciones conjuntas, actualizar el perfil de salud y seguridad en el trabajo en la regi\u00f3n, entre otros puntos. <\/p>\n<p>Para los pr\u00f3ximos d\u00edas est\u00e1n agendas las reuniones de la Comisi\u00f3n de G\u00e9nero, del Observatorio del Mercado Laboral, del Equipo de Servicios P\u00fablicos de Empleo, del Equipo T\u00e9cnico de Formaci\u00f3n Profesional, para concluir con la reuni\u00f3n de la Comisi\u00f3n Sociolaboral del bloque, prevista para el 3 de mayo. Todos los encuentros est\u00e1n programados en modalidad virtual. <\/p>\n<p>El Subgrupo de Trabajo N\u00b0 10 fue creado el 17 de diciembre de 1991, en el \u00e1mbito del Grupo de Mercado Comuni\u00f3n (GMC) del Mercosur, con la funci\u00f3n de analizar los asuntos laborales de la regi\u00f3n.<\/p>\n","protected":false},"excerpt":{"rendered":"<p>Los equipos t\u00e9cnicos que integran cada una de las comisiones del Subgrupo de Trabajo N\u00b0 10- Asuntos Laborales, Empleo y Seguridad Social, del Mercosur, comenzaron la serie de reuniones para analizar el estado de los planes relacionados con las condiciones de trabajo en la regi\u00f3n, bajo la Presidencia Pro Tempore del Paraguay.<\/p>\n","protected":false},"author":7,"featured_media":0,"comment_status":"open","ping_status":"open","sticky":false,"template":"","format":"standard","meta":{"_acf_changed":false,"_uag_custom_page_level_css":"","footnotes":""},"categories":[1],"tags":[],"class_list":["post-6622","post","type-post","status-publish","format-standard","hentry","category-sin-categoria"],"acf":[],"uagb_featured_image_src":{"full":false,"thumbnail":false,"medium":false,"medium_large":false,"large":false,"1536x1536":false,"2048x2048":false,"depicter-thumbnail":false},"uagb_author_info":{"display_name":"Lucas Santacruz","author_link":"https:\/\/www.mtess.gov.py\/?author=7"},"uagb_comment_info":0,"uagb_excerpt":"Los equipos t\u00e9cnicos que integran cada una de las comisiones del Subgrupo de Trabajo N\u00b0 10- Asuntos Laborales, Empleo y Seguridad Social, del Mercosur, comenzaron la serie de reuniones para analizar el estado de los planes relacionados con las condiciones de trabajo en la regi\u00f3n, bajo la Presidencia Pro Tempore del Paraguay.","_links":{"self":[{"href":"https:\/\/www.mtess.gov.py\/index.php?rest_route=\/wp\/v2\/posts\/6622","targetHints":{"allow":["GET"]}}],"collection":[{"href":"https:\/\/www.mtess.gov.py\/index.php?rest_route=\/wp\/v2\/posts"}],"about":[{"href":"https:\/\/www.mtess.gov.py\/index.php?rest_route=\/wp\/v2\/types\/post"}],"author":[{"embeddable":true,"href":"https:\/\/www.mtess.gov.py\/index.php?rest_route=\/wp\/v2\/users\/7"}],"replies":[{"embeddable":true,"href":"https:\/\/www.mtess.gov.py\/index.php?rest_route=%2Fwp%2Fv2%2Fcomments&post=6622"}],"version-history":[{"count":0,"href":"https:\/\/www.mtess.gov.py\/index.php?rest_route=\/wp\/v2\/posts\/6622\/revisions"}],"wp:attachment":[{"href":"https:\/\/www.mtess.gov.py\/index.php?rest_route=%2Fwp%2Fv2%2Fmedia&parent=6622"}],"wp:term":[{"taxonomy":"category","embeddable":true,"href":"https:\/\/www.mtess.gov.py\/index.php?rest_route=%2Fwp%2Fv2%2Fcategories&post=6622"},{"taxonomy":"post_tag","embeddable":true,"href":"https:\/\/www.mtess.gov.py\/index.php?rest_route=%2Fwp%2Fv2%2Ftags&post=6622"}],"curies":[{"name":"wp","href":"https:\/\/api.w.org\/{rel}","templated":true}]}}