{"id":6626,"date":"2024-04-11T17:45:00","date_gmt":"2024-04-11T21:45:00","guid":{"rendered":"https:\/\/bi.mtess.gov.py\/v1\/?p=6626"},"modified":"2024-04-11T17:45:00","modified_gmt":"2024-04-11T21:45:00","slug":"con-el-acceso-al-trabajo-digno-como-prioridad-se-instalo-la-mesa-de-proteccion-social-en-tembiapora","status":"publish","type":"post","link":"https:\/\/www.mtess.gov.py\/?p=6626","title":{"rendered":"Con el acceso al trabajo digno como prioridad, se instal\u00f3 la Mesa de Protecci\u00f3n Social en Tembiapor\u00e1"},"content":{"rendered":"<p>Tembiapor\u00e1 forma parte de los 22 distritos distribuidos en siete departamentos, seleccionados estrat\u00e9gicamente por el Gobierno para la implementaci\u00f3n del Sistema de Protecci\u00f3n Social. Este sistema tiene como objetivo combatir la pobreza a trav\u00e9s de una intervenci\u00f3n integral y coordinada de las instituciones que forman parte del Gabinete Social, que lidera el Ministerio de Desarrollo Social.  La estrategia se enfoca en el abordaje de tres pilares fundamentales: la integraci\u00f3n social, la inserci\u00f3n laboral y productiva, y la previsi\u00f3n social.<\/p>\n<p>\u00abPara encarar las obras de infraestructura que se prev\u00e9 llevar adelante en Tembiapor\u00e1, se necesita de capital humano capacitado. Y esa capacitaci\u00f3n la vamos a traer ac\u00e1 a trav\u00e9s del Sinafocal y el SNPP, seg\u00fan los requerimientos de formaci\u00f3n identificados en el territorio\u00bb, expres\u00f3 la ministra Recalde.<\/p>\n<p>Adem\u00e1s de la titular del MTESS, la instalaci\u00f3n de la mesa participativa en la mencionada localidad de Caaguaz\u00fa cont\u00f3 con la presencia de los ministros de Desarrollo Social, Tadeo Rojas; del viceministro de Trabajo, C\u00e9sar Segovia, del secretario t\u00e9cnico del Sistema Nacional de Formaci\u00f3n y Capacitaci\u00f3n Laboral (Sinafocal); Alfredo Mongel\u00f3s; del intendente local, Hugo Franco; y del gobernador de Caaguaz\u00fa, Marcelo Soto.<\/p>\n<p>Tembiapor\u00e1 dista a unos 250 kil\u00f3metros de Asunci\u00f3n, con una poblaci\u00f3n de aproximadamente 16.000 habitantes, que se dedican mayoritariamente a la agricultura, principalmente a la producci\u00f3n de banana, a cargo de peque\u00f1os productores. <\/p>\n<p>La zona, a la que se accede en balsa por el Lago Yguaz\u00fa, es responsable del 50% de la producci\u00f3n de banana del pa\u00eds, para atender el mercado local y el de exportaci\u00f3n. \u00abLa necesidad de trabajo en las localidades cercanas ha generado una fuerte migraci\u00f3n interna, situaci\u00f3n que ha derivado en la formaci\u00f3n de cinturones de pobreza en Tembiapor\u00e1\u00bb, explic\u00f3 el intendente.<\/p>\n<p>La instalaci\u00f3n de la Mesa de Protecci\u00f3n Social marca el inicio de los trabajos para identificar las necesidades prioritarias, la implementaci\u00f3n del plan de acci\u00f3n territorial  y la evaluaci\u00f3n del impacto en la disminuci\u00f3n de la pobreza, cuya medici\u00f3n estar\u00e1 a cargo del Instituto Nacional de Estad\u00edstica (INE), seg\u00fan describi\u00f3 el ministro Rojas.<\/p>\n","protected":false},"excerpt":{"rendered":"<p>Con la participaci\u00f3n de la ministra de Trabajo, M\u00f3nica Recalde, y de las 27 instituciones que forman parte del Gabinete Social se instal\u00f3 oficialmente este jueves la Mesa de Protecci\u00f3n Social en Tembiapor\u00e1, Caaguaz\u00fa. La cartera de Trabajo aportar\u00e1 formaci\u00f3n y capacitaci\u00f3n para generar las condiciones que permitan el acceso al empleo digno, que es una de las prioridades de esta iniciativa del Gobierno Nacional para la lucha contra la pobreza.<\/p>\n","protected":false},"author":7,"featured_media":27363,"comment_status":"open","ping_status":"open","sticky":false,"template":"","format":"standard","meta":{"_acf_changed":false,"_uag_custom_page_level_css":"","footnotes":""},"categories":[1],"tags":[],"class_list":["post-6626","post","type-post","status-publish","format-standard","has-post-thumbnail","hentry","category-sin-categoria"],"acf":[],"uagb_featured_image_src":{"full":["https:\/\/www.mtess.gov.py\/wp-content\/uploads\/2024\/04\/13c584d822b04fd438e454ddfe051a94-12.jpeg",250,188,false],"thumbnail":["https:\/\/www.mtess.gov.py\/wp-content\/uploads\/2024\/04\/13c584d822b04fd438e454ddfe051a94-12-150x150.jpeg",150,150,true],"medium":["https:\/\/www.mtess.gov.py\/wp-content\/uploads\/2024\/04\/13c584d822b04fd438e454ddfe051a94-12.jpeg",250,188,false],"medium_large":["https:\/\/www.mtess.gov.py\/wp-content\/uploads\/2024\/04\/13c584d822b04fd438e454ddfe051a94-12.jpeg",250,188,false],"large":["https:\/\/www.mtess.gov.py\/wp-content\/uploads\/2024\/04\/13c584d822b04fd438e454ddfe051a94-12.jpeg",250,188,false],"1536x1536":["https:\/\/www.mtess.gov.py\/wp-content\/uploads\/2024\/04\/13c584d822b04fd438e454ddfe051a94-12.jpeg",250,188,false],"2048x2048":["https:\/\/www.mtess.gov.py\/wp-content\/uploads\/2024\/04\/13c584d822b04fd438e454ddfe051a94-12.jpeg",250,188,false],"depicter-thumbnail":["https:\/\/www.mtess.gov.py\/wp-content\/uploads\/2024\/04\/13c584d822b04fd438e454ddfe051a94-12.jpeg",200,150,false]},"uagb_author_info":{"display_name":"Lucas Santacruz","author_link":"https:\/\/www.mtess.gov.py\/?author=7"},"uagb_comment_info":0,"uagb_excerpt":"Con la participaci\u00f3n de la ministra de Trabajo, M\u00f3nica Recalde, y de las 27 instituciones que forman parte del Gabinete Social se instal\u00f3 oficialmente este jueves la Mesa de Protecci\u00f3n Social en Tembiapor\u00e1, Caaguaz\u00fa. La cartera de Trabajo aportar\u00e1 formaci\u00f3n y capacitaci\u00f3n para generar las condiciones que permitan el acceso al empleo digno, que es&hellip;","_links":{"self":[{"href":"https:\/\/www.mtess.gov.py\/index.php?rest_route=\/wp\/v2\/posts\/6626","targetHints":{"allow":["GET"]}}],"collection":[{"href":"https:\/\/www.mtess.gov.py\/index.php?rest_route=\/wp\/v2\/posts"}],"about":[{"href":"https:\/\/www.mtess.gov.py\/index.php?rest_route=\/wp\/v2\/types\/post"}],"author":[{"embeddable":true,"href":"https:\/\/www.mtess.gov.py\/index.php?rest_route=\/wp\/v2\/users\/7"}],"replies":[{"embeddable":true,"href":"https:\/\/www.mtess.gov.py\/index.php?rest_route=%2Fwp%2Fv2%2Fcomments&post=6626"}],"version-history":[{"count":0,"href":"https:\/\/www.mtess.gov.py\/index.php?rest_route=\/wp\/v2\/posts\/6626\/revisions"}],"wp:featuredmedia":[{"embeddable":true,"href":"https:\/\/www.mtess.gov.py\/index.php?rest_route=\/wp\/v2\/media\/27363"}],"wp:attachment":[{"href":"https:\/\/www.mtess.gov.py\/index.php?rest_route=%2Fwp%2Fv2%2Fmedia&parent=6626"}],"wp:term":[{"taxonomy":"category","embeddable":true,"href":"https:\/\/www.mtess.gov.py\/index.php?rest_route=%2Fwp%2Fv2%2Fcategories&post=6626"},{"taxonomy":"post_tag","embeddable":true,"href":"https:\/\/www.mtess.gov.py\/index.php?rest_route=%2Fwp%2Fv2%2Ftags&post=6626"}],"curies":[{"name":"wp","href":"https:\/\/api.w.org\/{rel}","templated":true}]}}