{"id":6630,"date":"2024-04-08T20:00:00","date_gmt":"2024-04-09T00:00:00","guid":{"rendered":"https:\/\/bi.mtess.gov.py\/v1\/?p=6630"},"modified":"2024-04-08T20:00:00","modified_gmt":"2024-04-09T00:00:00","slug":"mtess-y-el-ministerio-de-salud-delinean-medidas-para-fortalecer-la-salud-y-la-seguridad-ocupacional","status":"publish","type":"post","link":"https:\/\/www.mtess.gov.py\/?p=6630","title":{"rendered":"MTESS y el Ministerio de Salud delinean medidas para fortalecer la salud y la seguridad ocupacional"},"content":{"rendered":"<p>Para tal efecto, se conformar\u00e1n equipos t\u00e9cnicos entre ambas instituciones que tendr\u00e1n la tarea de elaborar no solo el protocolo para declarar insalubre un establecimiento, sino tambi\u00e9n reglamentar la definici\u00f3n de trabajos riesgosos y de exposici\u00f3n al peligro. Estos instrumentos guiar\u00e1n los procedimientos administrativos e inspectivos relacionados con la salud y seguridad ocupacional. <\/p>\n<p>Asimismo, se acord\u00f3 avanzar en la integraci\u00f3n del Consejo Nacional de Riesgos Laborales, creado por Ley N\u00b0 5804\/2017. El colegiado debe estar conformado por representantes de instituciones del Poder Ejecutivo, del Instituto de Previsi\u00f3n Social (IPS), de las gobernaciones, municipalidades, empleadores y trabajadores. <\/p>\n<p>Entre otras funciones, el citado consejo debe definir la filosof\u00eda y pol\u00edticas de acci\u00f3n en materia de formulaci\u00f3n y evaluaci\u00f3n de la Pol\u00edtica Nacional de Riesgos Laborales, coordinar la elaboraci\u00f3n, implementaci\u00f3n y seguimiento de un Plan Maestro de Seguridad y Salud Ocupacional, y promover en todos los niveles y sectores, la capacitaci\u00f3n y el aumento de los recursos humanos y materiales necesarios, para la expansi\u00f3n de programas y servicios de seguridad y salud ocupacional.<\/p>\n<p>Como tercera l\u00ednea de acci\u00f3n, las ministras Recalde y Bar\u00e1n decidieron impulsar el proyecto de empresa saludable, tendiente a reconocer a aquellos establecimientos productivos que operan precautelando la salud y la seguridad ocupacional de sus trabajadores. Existe la intenci\u00f3n de sumar a otras instituciones p\u00fablicas y privadas a esta iniciativa, en coincidencia con el D\u00eda Mundial de la Seguridad y la Salud en el Trabajo que se conmemora cada 28 de abril. <\/p>\n<p>Acompa\u00f1aron la reuni\u00f3n celebrada este lunes en la sede de la cartera sanitaria, el viceministro de Trabajo, C\u00e9sar Segovia, el director de Salud y Seguridad Ocupacional del MTESS, Guillermo Delgado, y los directores del Ministerio de Salud Gustavo Monta\u00f1ez, V\u00edctor Bernal, Gustavo Irala y Luis Carlos Ben\u00edtez.<\/p>\n","protected":false},"excerpt":{"rendered":"<p>La ministra de Trabajo, M\u00f3nica Recalde, y la ministra de Salud, Mar\u00eda Teresa Bar\u00e1n, identificaron una serie de acciones para el fortalecimiento de la salud y seguridad ocupacional en el pa\u00eds. Una de las prioridades es la definici\u00f3n de un protocolo para la declaraci\u00f3n de insalubridad en los establecimientos laborales.<\/p>\n","protected":false},"author":7,"featured_media":27366,"comment_status":"open","ping_status":"open","sticky":false,"template":"","format":"standard","meta":{"_acf_changed":false,"_uag_custom_page_level_css":"","footnotes":""},"categories":[1],"tags":[],"class_list":["post-6630","post","type-post","status-publish","format-standard","has-post-thumbnail","hentry","category-sin-categoria"],"acf":[],"uagb_featured_image_src":{"full":["https:\/\/www.mtess.gov.py\/wp-content\/uploads\/2024\/04\/dc9f0d314d86af0a446960878b67f947-12.jpeg",250,167,false],"thumbnail":["https:\/\/www.mtess.gov.py\/wp-content\/uploads\/2024\/04\/dc9f0d314d86af0a446960878b67f947-12-150x150.jpeg",150,150,true],"medium":["https:\/\/www.mtess.gov.py\/wp-content\/uploads\/2024\/04\/dc9f0d314d86af0a446960878b67f947-12.jpeg",250,167,false],"medium_large":["https:\/\/www.mtess.gov.py\/wp-content\/uploads\/2024\/04\/dc9f0d314d86af0a446960878b67f947-12.jpeg",250,167,false],"large":["https:\/\/www.mtess.gov.py\/wp-content\/uploads\/2024\/04\/dc9f0d314d86af0a446960878b67f947-12.jpeg",250,167,false],"1536x1536":["https:\/\/www.mtess.gov.py\/wp-content\/uploads\/2024\/04\/dc9f0d314d86af0a446960878b67f947-12.jpeg",250,167,false],"2048x2048":["https:\/\/www.mtess.gov.py\/wp-content\/uploads\/2024\/04\/dc9f0d314d86af0a446960878b67f947-12.jpeg",250,167,false],"depicter-thumbnail":["https:\/\/www.mtess.gov.py\/wp-content\/uploads\/2024\/04\/dc9f0d314d86af0a446960878b67f947-12.jpeg",200,134,false]},"uagb_author_info":{"display_name":"Lucas Santacruz","author_link":"https:\/\/www.mtess.gov.py\/?author=7"},"uagb_comment_info":0,"uagb_excerpt":"La ministra de Trabajo, M\u00f3nica Recalde, y la ministra de Salud, Mar\u00eda Teresa Bar\u00e1n, identificaron una serie de acciones para el fortalecimiento de la salud y seguridad ocupacional en el pa\u00eds. Una de las prioridades es la definici\u00f3n de un protocolo para la declaraci\u00f3n de insalubridad en los establecimientos laborales.","_links":{"self":[{"href":"https:\/\/www.mtess.gov.py\/index.php?rest_route=\/wp\/v2\/posts\/6630","targetHints":{"allow":["GET"]}}],"collection":[{"href":"https:\/\/www.mtess.gov.py\/index.php?rest_route=\/wp\/v2\/posts"}],"about":[{"href":"https:\/\/www.mtess.gov.py\/index.php?rest_route=\/wp\/v2\/types\/post"}],"author":[{"embeddable":true,"href":"https:\/\/www.mtess.gov.py\/index.php?rest_route=\/wp\/v2\/users\/7"}],"replies":[{"embeddable":true,"href":"https:\/\/www.mtess.gov.py\/index.php?rest_route=%2Fwp%2Fv2%2Fcomments&post=6630"}],"version-history":[{"count":0,"href":"https:\/\/www.mtess.gov.py\/index.php?rest_route=\/wp\/v2\/posts\/6630\/revisions"}],"wp:featuredmedia":[{"embeddable":true,"href":"https:\/\/www.mtess.gov.py\/index.php?rest_route=\/wp\/v2\/media\/27366"}],"wp:attachment":[{"href":"https:\/\/www.mtess.gov.py\/index.php?rest_route=%2Fwp%2Fv2%2Fmedia&parent=6630"}],"wp:term":[{"taxonomy":"category","embeddable":true,"href":"https:\/\/www.mtess.gov.py\/index.php?rest_route=%2Fwp%2Fv2%2Fcategories&post=6630"},{"taxonomy":"post_tag","embeddable":true,"href":"https:\/\/www.mtess.gov.py\/index.php?rest_route=%2Fwp%2Fv2%2Ftags&post=6630"}],"curies":[{"name":"wp","href":"https:\/\/api.w.org\/{rel}","templated":true}]}}