{"id":6631,"date":"2024-04-08T12:05:00","date_gmt":"2024-04-08T16:05:00","guid":{"rendered":"https:\/\/bi.mtess.gov.py\/v1\/?p=6631"},"modified":"2024-04-08T12:05:00","modified_gmt":"2024-04-08T16:05:00","slug":"el-mtess-y-defensa-publica-implementaran-plan-conjunto-para-precautelar-los-derechos-laborales","status":"publish","type":"post","link":"https:\/\/www.mtess.gov.py\/?p=6631","title":{"rendered":"El MTESS y Defensa P\u00fablica implementar\u00e1n plan conjunto para precautelar los derechos laborales"},"content":{"rendered":"<p>As\u00ed acordaron durante una reuni\u00f3n celebrada el pasado mi\u00e9rcoles en la sede del MTESS, la ministra de Trabajo, M\u00f3nica Recalde, y la ministra de la Defensa P\u00fablica, Lorena Segovia. <\/p>\n<p>El plan piloto permitir\u00e1 a las personas que asisten a las audiencias de conciliaci\u00f3n del Ministerio de Trabajo y no llegan a una soluci\u00f3n concertada con sus ex empleadores, conocer y acceder a los servicios ofrecidos por la Defensa P\u00fablica en materia laboral.  \u201cTenemos en la Defensa P\u00fablica abogados laboralistas que prestan servicios gratuitos a las personas de escasos recursos\u201d, inform\u00f3 la ministra Segovia. <\/p>\n<p>\u00abCon esta colaboraci\u00f3n entre el Ministerio de Trabajo y la Defensa P\u00fablica, cerramos el c\u00edrculo en cuanto a la defensa de los derechos de los trabajadores. Es fundamental garantizar que todas las personas, independientemente de su situaci\u00f3n econ\u00f3mica, tengan acceso a una representaci\u00f3n legal adecuada para proteger sus derechos laborales en el \u00e1mbito judicial\u00bb, complement\u00f3 el viceministro de Trabajo, C\u00e9sar Segovia, quien acompa\u00f1\u00f3 el encuentro junto con la directora general de Seguridad Social del MTESS, Alejandra Garcete, y el director de Trabajo, Jes\u00fas Echauri. <\/p>\n<p>Las autoridades insistieron en que el acercamiento interinstitucional refleja el compromiso compartido de asegurar la justicia y la equidad en el \u00e1mbito laboral, a fin de brindar apoyo legal a aquellos trabajadores que m\u00e1s lo necesitan. La intenci\u00f3n es arrancar con el plan piloto en Asunci\u00f3n, para luego extenderlo a otras sedes con que cuenta el MTESS en el interior del pa\u00eds, con el objetivo de ampliar el acceso a la justicia laboral a nivel nacional.<\/p>\n","protected":false},"excerpt":{"rendered":"<p>El Ministerio de Trabajo, Empleo y Seguridad Social (MTESS) y el Ministerio de la Defensa P\u00fablica coincidieron en la implementaci\u00f3n de un plan experimental que permita garantizar, principalmente a las personas en situaci\u00f3n de vulnerabilidad, el acceso a una representaci\u00f3n legal para la protecci\u00f3n de sus derechos laborales.<\/p>\n","protected":false},"author":7,"featured_media":27368,"comment_status":"open","ping_status":"open","sticky":false,"template":"","format":"standard","meta":{"_acf_changed":false,"_uag_custom_page_level_css":"","footnotes":""},"categories":[1],"tags":[],"class_list":["post-6631","post","type-post","status-publish","format-standard","has-post-thumbnail","hentry","category-sin-categoria"],"acf":[],"uagb_featured_image_src":{"full":["https:\/\/www.mtess.gov.py\/wp-content\/uploads\/2024\/04\/adbe379b58d71e4993454a5453b8679d-12.jpeg",250,167,false],"thumbnail":["https:\/\/www.mtess.gov.py\/wp-content\/uploads\/2024\/04\/adbe379b58d71e4993454a5453b8679d-12-150x150.jpeg",150,150,true],"medium":["https:\/\/www.mtess.gov.py\/wp-content\/uploads\/2024\/04\/adbe379b58d71e4993454a5453b8679d-12.jpeg",250,167,false],"medium_large":["https:\/\/www.mtess.gov.py\/wp-content\/uploads\/2024\/04\/adbe379b58d71e4993454a5453b8679d-12.jpeg",250,167,false],"large":["https:\/\/www.mtess.gov.py\/wp-content\/uploads\/2024\/04\/adbe379b58d71e4993454a5453b8679d-12.jpeg",250,167,false],"1536x1536":["https:\/\/www.mtess.gov.py\/wp-content\/uploads\/2024\/04\/adbe379b58d71e4993454a5453b8679d-12.jpeg",250,167,false],"2048x2048":["https:\/\/www.mtess.gov.py\/wp-content\/uploads\/2024\/04\/adbe379b58d71e4993454a5453b8679d-12.jpeg",250,167,false],"depicter-thumbnail":["https:\/\/www.mtess.gov.py\/wp-content\/uploads\/2024\/04\/adbe379b58d71e4993454a5453b8679d-12.jpeg",200,134,false]},"uagb_author_info":{"display_name":"Lucas Santacruz","author_link":"https:\/\/www.mtess.gov.py\/?author=7"},"uagb_comment_info":0,"uagb_excerpt":"El Ministerio de Trabajo, Empleo y Seguridad Social (MTESS) y el Ministerio de la Defensa P\u00fablica coincidieron en la implementaci\u00f3n de un plan experimental que permita garantizar, principalmente a las personas en situaci\u00f3n de vulnerabilidad, el acceso a una representaci\u00f3n legal para la protecci\u00f3n de sus derechos laborales.","_links":{"self":[{"href":"https:\/\/www.mtess.gov.py\/index.php?rest_route=\/wp\/v2\/posts\/6631","targetHints":{"allow":["GET"]}}],"collection":[{"href":"https:\/\/www.mtess.gov.py\/index.php?rest_route=\/wp\/v2\/posts"}],"about":[{"href":"https:\/\/www.mtess.gov.py\/index.php?rest_route=\/wp\/v2\/types\/post"}],"author":[{"embeddable":true,"href":"https:\/\/www.mtess.gov.py\/index.php?rest_route=\/wp\/v2\/users\/7"}],"replies":[{"embeddable":true,"href":"https:\/\/www.mtess.gov.py\/index.php?rest_route=%2Fwp%2Fv2%2Fcomments&post=6631"}],"version-history":[{"count":0,"href":"https:\/\/www.mtess.gov.py\/index.php?rest_route=\/wp\/v2\/posts\/6631\/revisions"}],"wp:featuredmedia":[{"embeddable":true,"href":"https:\/\/www.mtess.gov.py\/index.php?rest_route=\/wp\/v2\/media\/27368"}],"wp:attachment":[{"href":"https:\/\/www.mtess.gov.py\/index.php?rest_route=%2Fwp%2Fv2%2Fmedia&parent=6631"}],"wp:term":[{"taxonomy":"category","embeddable":true,"href":"https:\/\/www.mtess.gov.py\/index.php?rest_route=%2Fwp%2Fv2%2Fcategories&post=6631"},{"taxonomy":"post_tag","embeddable":true,"href":"https:\/\/www.mtess.gov.py\/index.php?rest_route=%2Fwp%2Fv2%2Ftags&post=6631"}],"curies":[{"name":"wp","href":"https:\/\/api.w.org\/{rel}","templated":true}]}}