{"id":6632,"date":"2024-04-04T15:28:00","date_gmt":"2024-04-04T19:28:00","guid":{"rendered":"https:\/\/bi.mtess.gov.py\/v1\/?p=6632"},"modified":"2024-04-04T15:28:00","modified_gmt":"2024-04-04T19:28:00","slug":"ministerio-de-trabajo-y-corte-suprema-de-justicia-acuerdan-coordinacion-para-fortalecer-acciones-en-el-ambito-laboral","status":"publish","type":"post","link":"https:\/\/www.mtess.gov.py\/?p=6632","title":{"rendered":"Ministerio de Trabajo y Corte Suprema de Justicia acuerdan coordinaci\u00f3n para fortalecer acciones en el \u00e1mbito laboral"},"content":{"rendered":"<p>La delegaci\u00f3n del MTESS estuvo liderada por la ministra M\u00f3nica Recalde, acompa\u00f1ada por los viceministros C\u00e9sar Segovia y Ver\u00f3nica L\u00f3pez, y el director jur\u00eddico, Ra\u00fal Gonz\u00e1lez. Por la Corte Suprema, estuvieron presentes el presidente de la m\u00e1xima instancia judicial, el ministro Luis Ben\u00edtez Riera, y los ministros Alberto Mart\u00ednez Sim\u00f3n, Carolina Llanes, Gustavo Santander y C\u00e9sar Diesel. <\/p>\n<p>En el marco de la reuni\u00f3n, se subray\u00f3 la relevancia de cumplir adecuadamente con los convenios internacionales de trabajo de la Organizaci\u00f3n Internacional del Trabajo (OIT). Espec\u00edficamente, se hizo hincapi\u00e9 en la ratificaci\u00f3n de las normas m\u00ednimas de seguridad social, establecidas en el Convenio 102. Asimismo, se enfatiz\u00f3 en la necesidad de establecer un canal fluido de comunicaci\u00f3n y colaboraci\u00f3n para fortalecer la formaci\u00f3n, capacitaci\u00f3n y el intercambio constante de conocimientos entre la jurisprudencia judicial y las normativas laborales vigentes, seg\u00fan explic\u00f3 la ministra Recalde. <\/p>\n<p>Los representantes de ambas instituciones expresaron su satisfacci\u00f3n por el compromiso conjunto para abordar estos desaf\u00edos, mediante una colaboraci\u00f3n estrecha y efectiva. Para tal fin, se acord\u00f3 la creaci\u00f3n de equipos t\u00e9cnicos que trabajar\u00e1n de manera coordinada.<\/p>\n<p>Entre los temas discutidos, se destac\u00f3 la necesidad de modernizar los procesos administrativos, particularmente en lo referente a la comunicaci\u00f3n electr\u00f3nica. Se propuso la transici\u00f3n hacia un sistema digitalizado que permita a los jueces laborales acceder de manera efectiva a los registros obrero-patronales, facilitando as\u00ed la gesti\u00f3n y agilizando los procedimientos judiciales.<\/p>\n<p>En la ocasi\u00f3n, se extendi\u00f3 una invitaci\u00f3n a los ministros de la Corte Suprema de Justicia para acompa\u00f1ar a la delegaci\u00f3n paraguaya en la pr\u00f3xima conferencia de la OIT, a celebrarse en Ginebra. Este evento ser\u00e1 una oportunidad para abordar temas laborales  de relevancia para las instituciones de todos los poderes del Estado.<\/p>\n","protected":false},"excerpt":{"rendered":"<p>Autoridades del Ministerio de Trabajo, Empleo y Seguridad Social (MTESS) se reunieron ayer mi\u00e9rcoles con los ministros de la Corte Suprema de Justicia para abordar los desaf\u00edos presentes en el \u00e1mbito jurisdiccional laboral. Durante el encuentro, se destac\u00f3 la importancia de establecer una coordinaci\u00f3n efectiva entre la autoridad administrativa del trabajo y los tribunales laborales, con el objetivo de garantizar una aplicaci\u00f3n justa y equitativa de las normativas laborales.<\/p>\n","protected":false},"author":7,"featured_media":27369,"comment_status":"open","ping_status":"open","sticky":false,"template":"","format":"standard","meta":{"_acf_changed":false,"_uag_custom_page_level_css":"","footnotes":""},"categories":[1],"tags":[],"class_list":["post-6632","post","type-post","status-publish","format-standard","has-post-thumbnail","hentry","category-sin-categoria"],"acf":[],"uagb_featured_image_src":{"full":["https:\/\/www.mtess.gov.py\/wp-content\/uploads\/2024\/04\/1c7466e28ce125e5fc18158189c498d1-12.jpeg",250,167,false],"thumbnail":["https:\/\/www.mtess.gov.py\/wp-content\/uploads\/2024\/04\/1c7466e28ce125e5fc18158189c498d1-12-150x150.jpeg",150,150,true],"medium":["https:\/\/www.mtess.gov.py\/wp-content\/uploads\/2024\/04\/1c7466e28ce125e5fc18158189c498d1-12.jpeg",250,167,false],"medium_large":["https:\/\/www.mtess.gov.py\/wp-content\/uploads\/2024\/04\/1c7466e28ce125e5fc18158189c498d1-12.jpeg",250,167,false],"large":["https:\/\/www.mtess.gov.py\/wp-content\/uploads\/2024\/04\/1c7466e28ce125e5fc18158189c498d1-12.jpeg",250,167,false],"1536x1536":["https:\/\/www.mtess.gov.py\/wp-content\/uploads\/2024\/04\/1c7466e28ce125e5fc18158189c498d1-12.jpeg",250,167,false],"2048x2048":["https:\/\/www.mtess.gov.py\/wp-content\/uploads\/2024\/04\/1c7466e28ce125e5fc18158189c498d1-12.jpeg",250,167,false],"depicter-thumbnail":["https:\/\/www.mtess.gov.py\/wp-content\/uploads\/2024\/04\/1c7466e28ce125e5fc18158189c498d1-12.jpeg",200,134,false]},"uagb_author_info":{"display_name":"Lucas Santacruz","author_link":"https:\/\/www.mtess.gov.py\/?author=7"},"uagb_comment_info":0,"uagb_excerpt":"Autoridades del Ministerio de Trabajo, Empleo y Seguridad Social (MTESS) se reunieron ayer mi\u00e9rcoles con los ministros de la Corte Suprema de Justicia para abordar los desaf\u00edos presentes en el \u00e1mbito jurisdiccional laboral. Durante el encuentro, se destac\u00f3 la importancia de establecer una coordinaci\u00f3n efectiva entre la autoridad administrativa del trabajo y los tribunales laborales,&hellip;","_links":{"self":[{"href":"https:\/\/www.mtess.gov.py\/index.php?rest_route=\/wp\/v2\/posts\/6632","targetHints":{"allow":["GET"]}}],"collection":[{"href":"https:\/\/www.mtess.gov.py\/index.php?rest_route=\/wp\/v2\/posts"}],"about":[{"href":"https:\/\/www.mtess.gov.py\/index.php?rest_route=\/wp\/v2\/types\/post"}],"author":[{"embeddable":true,"href":"https:\/\/www.mtess.gov.py\/index.php?rest_route=\/wp\/v2\/users\/7"}],"replies":[{"embeddable":true,"href":"https:\/\/www.mtess.gov.py\/index.php?rest_route=%2Fwp%2Fv2%2Fcomments&post=6632"}],"version-history":[{"count":0,"href":"https:\/\/www.mtess.gov.py\/index.php?rest_route=\/wp\/v2\/posts\/6632\/revisions"}],"wp:featuredmedia":[{"embeddable":true,"href":"https:\/\/www.mtess.gov.py\/index.php?rest_route=\/wp\/v2\/media\/27369"}],"wp:attachment":[{"href":"https:\/\/www.mtess.gov.py\/index.php?rest_route=%2Fwp%2Fv2%2Fmedia&parent=6632"}],"wp:term":[{"taxonomy":"category","embeddable":true,"href":"https:\/\/www.mtess.gov.py\/index.php?rest_route=%2Fwp%2Fv2%2Fcategories&post=6632"},{"taxonomy":"post_tag","embeddable":true,"href":"https:\/\/www.mtess.gov.py\/index.php?rest_route=%2Fwp%2Fv2%2Ftags&post=6632"}],"curies":[{"name":"wp","href":"https:\/\/api.w.org\/{rel}","templated":true}]}}