{"id":6633,"date":"2024-04-01T21:40:00","date_gmt":"2024-04-02T01:40:00","guid":{"rendered":"https:\/\/bi.mtess.gov.py\/v1\/?p=6633"},"modified":"2024-04-01T21:40:00","modified_gmt":"2024-04-02T01:40:00","slug":"funcion-del-abogado-laboralista-es-vital-para-mantener-una-relacion-equilibrada-entre-trabajadores-y-empleadores","status":"publish","type":"post","link":"https:\/\/www.mtess.gov.py\/?p=6633","title":{"rendered":"Funci\u00f3n del abogado laboralista es vital para mantener una relaci\u00f3n equilibrada entre trabajadores y empleadores"},"content":{"rendered":"<p>Desde el Estado, \u201clos profesionales del derecho laboral brindamos al trabajador y al empleador toda la informaci\u00f3n sobre sus derechos y obligaciones, de manera gratuita, para que tengan el panorama completo\u201d, refiri\u00f3 sobre sus funciones el jefe del Departamento de Mediaci\u00f3n en Conflictos Individuales del Ministerio de Trabajo, Wilson Netto.<\/p>\n<p>Por su parte, el presidente de la Asociaci\u00f3n de Abogados Laboralistas del Paraguay, Eduardo P\u00e9rez Avid, dijo que la funci\u00f3n que ejercen es importante, ya que tratan de mantener entre las partes una relaci\u00f3n equilibrada, a trav\u00e9s del di\u00e1logo y el respeto mutuo.<\/p>\n<p>\u201cEl abogado que ejerza la asesor\u00eda en el fuero del trabajo no solamente debe quedarse en la aplicaci\u00f3n de las normas y llevar adelante los litigios, sino fundamentalmente brindar un acompa\u00f1amiento constante para el di\u00e1logo social, porque no hay que olvidar que ambas partes tienen derechos y obligaciones\u201d, puntualiz\u00f3. <\/p>\n<p>Con respecto a los servicios gratuitos que puede recibir el ciudadano en el Ministerio del Trabajo, Netto cit\u00f3 el asesoramiento para c\u00e1lculos de liquidaciones en caso de renuncias, despidos o retiros justificados, as\u00ed como el de mediaci\u00f3n en caso de conflicto obrero-patronal, entre otros. Aprovechando esta fecha especial, el profesional invit\u00f3 a las personas a confiar en el \u00e1mbito administrativo del trabajo, donde se pueden alcanzar soluciones en menor tiempo que en la esfera judicial. <\/p>\n<p>Motivo de la conmemoraci\u00f3n<\/p>\n<p>En nuestro pa\u00eds se estableci\u00f3 el 1 de abril  como el D\u00eda del Abogado Laboralista para recordar la entrada en vigencia del C\u00f3digo del Trabajo y del C\u00f3digo Procesal del Trabajo, que se produjo en esta fecha, pero del a\u00f1o 1962, seg\u00fan datos proporcionados por P\u00e9rez Avid. <\/p>\n<p>Para reflexionar sobre los desaf\u00edos del sector, la Asociaci\u00f3n de Abogados Laboralistas organiza el XIII Congreso Internacional de Derecho Laboral, Procesal Laboral y Seguridad Social, a realizarse del 10 al 12 de abril en el Hotel Nobile Suite Excelsior de Asunci\u00f3n, con la participaci\u00f3n destacados referentes del derecho laboral y de la seguridad social de Paraguay, Argentina, Brasil, Bolivia y Uruguay.<\/p>\n","protected":false},"excerpt":{"rendered":"<p>La figura del abogado laboralista resulta de gran importancia a la hora de establecer un equilibrio entre la patronal y los trabajadores tanto en el sector p\u00fablico como en el privado, reflexionaron profesionales del \u00e1mbito, al conmemorarse en Paraguay este 1 de abril el D\u00eda del Abogado Laboralista<\/p>\n","protected":false},"author":7,"featured_media":27370,"comment_status":"open","ping_status":"open","sticky":false,"template":"","format":"standard","meta":{"_acf_changed":false,"_uag_custom_page_level_css":"","footnotes":""},"categories":[1],"tags":[],"class_list":["post-6633","post","type-post","status-publish","format-standard","has-post-thumbnail","hentry","category-sin-categoria"],"acf":[],"uagb_featured_image_src":{"full":["https:\/\/www.mtess.gov.py\/wp-content\/uploads\/2024\/04\/8a259e9a38ba71d3790989c726a84e74-12.jpeg",250,188,false],"thumbnail":["https:\/\/www.mtess.gov.py\/wp-content\/uploads\/2024\/04\/8a259e9a38ba71d3790989c726a84e74-12-150x150.jpeg",150,150,true],"medium":["https:\/\/www.mtess.gov.py\/wp-content\/uploads\/2024\/04\/8a259e9a38ba71d3790989c726a84e74-12.jpeg",250,188,false],"medium_large":["https:\/\/www.mtess.gov.py\/wp-content\/uploads\/2024\/04\/8a259e9a38ba71d3790989c726a84e74-12.jpeg",250,188,false],"large":["https:\/\/www.mtess.gov.py\/wp-content\/uploads\/2024\/04\/8a259e9a38ba71d3790989c726a84e74-12.jpeg",250,188,false],"1536x1536":["https:\/\/www.mtess.gov.py\/wp-content\/uploads\/2024\/04\/8a259e9a38ba71d3790989c726a84e74-12.jpeg",250,188,false],"2048x2048":["https:\/\/www.mtess.gov.py\/wp-content\/uploads\/2024\/04\/8a259e9a38ba71d3790989c726a84e74-12.jpeg",250,188,false],"depicter-thumbnail":["https:\/\/www.mtess.gov.py\/wp-content\/uploads\/2024\/04\/8a259e9a38ba71d3790989c726a84e74-12.jpeg",200,150,false]},"uagb_author_info":{"display_name":"Lucas Santacruz","author_link":"https:\/\/www.mtess.gov.py\/?author=7"},"uagb_comment_info":0,"uagb_excerpt":"La figura del abogado laboralista resulta de gran importancia a la hora de establecer un equilibrio entre la patronal y los trabajadores tanto en el sector p\u00fablico como en el privado, reflexionaron profesionales del \u00e1mbito, al conmemorarse en Paraguay este 1 de abril el D\u00eda del Abogado Laboralista","_links":{"self":[{"href":"https:\/\/www.mtess.gov.py\/index.php?rest_route=\/wp\/v2\/posts\/6633","targetHints":{"allow":["GET"]}}],"collection":[{"href":"https:\/\/www.mtess.gov.py\/index.php?rest_route=\/wp\/v2\/posts"}],"about":[{"href":"https:\/\/www.mtess.gov.py\/index.php?rest_route=\/wp\/v2\/types\/post"}],"author":[{"embeddable":true,"href":"https:\/\/www.mtess.gov.py\/index.php?rest_route=\/wp\/v2\/users\/7"}],"replies":[{"embeddable":true,"href":"https:\/\/www.mtess.gov.py\/index.php?rest_route=%2Fwp%2Fv2%2Fcomments&post=6633"}],"version-history":[{"count":0,"href":"https:\/\/www.mtess.gov.py\/index.php?rest_route=\/wp\/v2\/posts\/6633\/revisions"}],"wp:featuredmedia":[{"embeddable":true,"href":"https:\/\/www.mtess.gov.py\/index.php?rest_route=\/wp\/v2\/media\/27370"}],"wp:attachment":[{"href":"https:\/\/www.mtess.gov.py\/index.php?rest_route=%2Fwp%2Fv2%2Fmedia&parent=6633"}],"wp:term":[{"taxonomy":"category","embeddable":true,"href":"https:\/\/www.mtess.gov.py\/index.php?rest_route=%2Fwp%2Fv2%2Fcategories&post=6633"},{"taxonomy":"post_tag","embeddable":true,"href":"https:\/\/www.mtess.gov.py\/index.php?rest_route=%2Fwp%2Fv2%2Ftags&post=6633"}],"curies":[{"name":"wp","href":"https:\/\/api.w.org\/{rel}","templated":true}]}}