{"id":6637,"date":"2024-03-20T18:46:00","date_gmt":"2024-03-20T22:46:00","guid":{"rendered":"https:\/\/bi.mtess.gov.py\/v1\/?p=6637"},"modified":"2024-03-20T18:46:00","modified_gmt":"2024-03-20T22:46:00","slug":"ministerio-de-trabajo-capacitara-a-mipymes-sobre-presentacion-de-planillas-laborales","status":"publish","type":"post","link":"https:\/\/www.mtess.gov.py\/?p=6637","title":{"rendered":"Ministerio de Trabajo capacitar\u00e1 a Mipymes sobre presentaci\u00f3n de planillas laborales"},"content":{"rendered":"<p>El objetivo de la charla es incentivar a los empleadores al cumplimiento de presentaci\u00f3n de las planillas laborales establecidas en el Decreto N\u00b0 8304\/2017. Asimismo, identificar el alcance e importancia de la mencionada exigencia, para evitar multas. <\/p>\n<p>Entre los temas a tratar figuran las nociones te\u00f3ricas sobre las planillas laborales, los sujetos obligados, contenido, plazo y modalidad. Tambi\u00e9n se realizar\u00e1n ejercicios pr\u00e1cticos, para una mayor comprensi\u00f3n por parte de los participantes. Los interesados en participar deben ingresar al siguiente enlace: <a href=\"https:\/\/acortar.link\/aM2R0g\">https:\/\/acortar.link\/aM2R0g<\/a><\/p>\n<p>El MTESS dispuso -por Resoluci\u00f3n N\u00b0 64\/2024- que la presentaci\u00f3n de las planillas laborales se debe realizar en el periodo comprendido entre el 1 de marzo y el 30 de abril de este a\u00f1o. Est\u00e1n obligados a presentar las planillas laborales los empleadores con al menos un trabajador inscripto durante el ejercicio fiscal 2023. <\/p>\n<p>Las planillas deben contener los datos personales del trabajador, su cargo, profesi\u00f3n, fecha de entrada, horario de trabajo, fecha de salida y el motivo. Adem\u00e1s, debe detallar y documentar los sueldos y jornales del trabajador, indicando las horas extras, aguinaldo, bonificaciones, vacaciones, total de horas trabajadas, salarios percibidos en el a\u00f1o, entre otros datos.  <\/p>\n<p>Asimismo, debe incluir un resumen general de personas ocupadas, como cantidad de supervisores o jefes varones y\/o mujeres, cantidad de empleados varones y\/o mujeres, cantidad de obreros hombres y\/o mujeres, cantidad de menores varones y\/o mujeres. <\/p>\n<p>El contenido de las planillas laborales tiene un car\u00e1cter de declaraci\u00f3n jurada del empleador por lo que luego de su presentaci\u00f3n no podr\u00e1 ser modificado. La falta de presentaci\u00f3n en el plazo y modalidad establecidos es pasible de multas.<\/p>\n","protected":false},"excerpt":{"rendered":"<p>El Ministerio de Trabajo, Empleo y Seguridad Social (MTESS), a trav\u00e9s de la Direcci\u00f3n de Registro Obrero Patronal, llevar\u00e1 a cabo una charla virtual de capacitaci\u00f3n sobre la presentaci\u00f3n de planillas laborales del a\u00f1o 2023, dirigida a las micro, peque\u00f1as y medianas empresas (Mipymes). La actividad est\u00e1 marcada para el este viernes 22 de marzo, a partir de las 11:00.<\/p>\n","protected":false},"author":7,"featured_media":27374,"comment_status":"open","ping_status":"open","sticky":false,"template":"","format":"standard","meta":{"_acf_changed":false,"_uag_custom_page_level_css":"","footnotes":""},"categories":[1],"tags":[],"class_list":["post-6637","post","type-post","status-publish","format-standard","has-post-thumbnail","hentry","category-sin-categoria"],"acf":[],"uagb_featured_image_src":{"full":["https:\/\/www.mtess.gov.py\/wp-content\/uploads\/2024\/03\/183c5ec1cd9e72511f91ac657426abbd-12.jpeg",200,250,false],"thumbnail":["https:\/\/www.mtess.gov.py\/wp-content\/uploads\/2024\/03\/183c5ec1cd9e72511f91ac657426abbd-12-150x150.jpeg",150,150,true],"medium":["https:\/\/www.mtess.gov.py\/wp-content\/uploads\/2024\/03\/183c5ec1cd9e72511f91ac657426abbd-12.jpeg",200,250,false],"medium_large":["https:\/\/www.mtess.gov.py\/wp-content\/uploads\/2024\/03\/183c5ec1cd9e72511f91ac657426abbd-12.jpeg",200,250,false],"large":["https:\/\/www.mtess.gov.py\/wp-content\/uploads\/2024\/03\/183c5ec1cd9e72511f91ac657426abbd-12.jpeg",200,250,false],"1536x1536":["https:\/\/www.mtess.gov.py\/wp-content\/uploads\/2024\/03\/183c5ec1cd9e72511f91ac657426abbd-12.jpeg",200,250,false],"2048x2048":["https:\/\/www.mtess.gov.py\/wp-content\/uploads\/2024\/03\/183c5ec1cd9e72511f91ac657426abbd-12.jpeg",200,250,false],"depicter-thumbnail":["https:\/\/www.mtess.gov.py\/wp-content\/uploads\/2024\/03\/183c5ec1cd9e72511f91ac657426abbd-12.jpeg",200,250,false]},"uagb_author_info":{"display_name":"Lucas Santacruz","author_link":"https:\/\/www.mtess.gov.py\/?author=7"},"uagb_comment_info":0,"uagb_excerpt":"El Ministerio de Trabajo, Empleo y Seguridad Social (MTESS), a trav\u00e9s de la Direcci\u00f3n de Registro Obrero Patronal, llevar\u00e1 a cabo una charla virtual de capacitaci\u00f3n sobre la presentaci\u00f3n de planillas laborales del a\u00f1o 2023, dirigida a las micro, peque\u00f1as y medianas empresas (Mipymes). La actividad est\u00e1 marcada para el este viernes 22 de marzo,&hellip;","_links":{"self":[{"href":"https:\/\/www.mtess.gov.py\/index.php?rest_route=\/wp\/v2\/posts\/6637","targetHints":{"allow":["GET"]}}],"collection":[{"href":"https:\/\/www.mtess.gov.py\/index.php?rest_route=\/wp\/v2\/posts"}],"about":[{"href":"https:\/\/www.mtess.gov.py\/index.php?rest_route=\/wp\/v2\/types\/post"}],"author":[{"embeddable":true,"href":"https:\/\/www.mtess.gov.py\/index.php?rest_route=\/wp\/v2\/users\/7"}],"replies":[{"embeddable":true,"href":"https:\/\/www.mtess.gov.py\/index.php?rest_route=%2Fwp%2Fv2%2Fcomments&post=6637"}],"version-history":[{"count":0,"href":"https:\/\/www.mtess.gov.py\/index.php?rest_route=\/wp\/v2\/posts\/6637\/revisions"}],"wp:featuredmedia":[{"embeddable":true,"href":"https:\/\/www.mtess.gov.py\/index.php?rest_route=\/wp\/v2\/media\/27374"}],"wp:attachment":[{"href":"https:\/\/www.mtess.gov.py\/index.php?rest_route=%2Fwp%2Fv2%2Fmedia&parent=6637"}],"wp:term":[{"taxonomy":"category","embeddable":true,"href":"https:\/\/www.mtess.gov.py\/index.php?rest_route=%2Fwp%2Fv2%2Fcategories&post=6637"},{"taxonomy":"post_tag","embeddable":true,"href":"https:\/\/www.mtess.gov.py\/index.php?rest_route=%2Fwp%2Fv2%2Ftags&post=6637"}],"curies":[{"name":"wp","href":"https:\/\/api.w.org\/{rel}","templated":true}]}}