{"id":6638,"date":"2024-03-20T17:40:00","date_gmt":"2024-03-20T21:40:00","guid":{"rendered":"https:\/\/bi.mtess.gov.py\/v1\/?p=6638"},"modified":"2024-03-20T17:40:00","modified_gmt":"2024-03-20T21:40:00","slug":"analizan-bateria-de-propuestas-para-el-fortalecimiento-integral-de-las-mipymes","status":"publish","type":"post","link":"https:\/\/www.mtess.gov.py\/?p=6638","title":{"rendered":"Analizan bater\u00eda de propuestas para el fortalecimiento integral de las Mipymes"},"content":{"rendered":"<p>Tomaron parte de la mesa interinstitucional liderada por la ministra de Trabajo, M\u00f3nica Recalde, el viceministro de Econom\u00eda, Javier Charotti, el viceministro de Mipymes, Gustavo Gim\u00e9nez, la viceministra de Empleo, Ver\u00f3nica L\u00f3pez, representantes de la Direcci\u00f3n Nacional de Ingresos Tributarios, de la Direcci\u00f3n Nacional de Contrataciones P\u00fablicas y directores de los ministerios de Econom\u00eda, de Trabajo y de Industria y Comercio. <\/p>\n<p>Seg\u00fan las cifras oficiales, en el pa\u00eds existen 272.000 Mipymes activas, siendo responsables del 75% de los empleos generados en el sector privado. En t\u00e9rminos de desaf\u00edos para la formalizaci\u00f3n y el crecimiento, las empresas de este segmento necesitan incrementar su presencia en el seguro social y en la bancarizaci\u00f3n. <\/p>\n<p>Para incrementar la generaci\u00f3n de empleos, el Ministerio de Trabajo identific\u00f3 aquellas Mipymes con potencial de crecimiento y con trayectoria en el mercado en las cuales se pueden focalizar las pol\u00edticas p\u00fablicas. Las mismas tambi\u00e9n podr\u00edan ser competitivas para las adquisiciones que realiza el Estado. <\/p>\n<p>Las propuestas de intervenci\u00f3n para el abordaje del empleo apuntan a la simplificaci\u00f3n del Registro Obrero Patronal y del Instituto de Previsi\u00f3n Social (IPS), control de los datos, incentivos, beneficios y educaci\u00f3n, inclusi\u00f3n financiera, incorporaci\u00f3n en las cadenas de valor para las compras p\u00fablicas, capital semilla y programas de trabajo joven. <\/p>\n<p>Al t\u00e9rmino de la reuni\u00f3n, que se realiz\u00f3 este martes, los responsables de cada instituci\u00f3n participante asumieron el compromiso de identificar las pol\u00edticas p\u00fablicas que pueden impulsar desde su sector para coadyuvar en el fortalecimiento integral de las Mipymes en Paraguay.<\/p>\n","protected":false},"excerpt":{"rendered":"<p>Representantes de diversas instituciones del Poder Ejecutivo se reunieron en el Ministerio de Trabajo para identificar las pol\u00edticas de fortalecimiento integral de las micro, peque\u00f1as y medianas empresas (Mipymes). El Gobierno apunta a facilitar la formalizaci\u00f3n, el acceso a cr\u00e9ditos, la creaci\u00f3n de empleos y la generaci\u00f3n de ingresos econ\u00f3micos de las unidades de producci\u00f3n que forman parte de este segmento.<\/p>\n","protected":false},"author":7,"featured_media":27375,"comment_status":"open","ping_status":"open","sticky":false,"template":"","format":"standard","meta":{"_acf_changed":false,"_uag_custom_page_level_css":"","footnotes":""},"categories":[1],"tags":[],"class_list":["post-6638","post","type-post","status-publish","format-standard","has-post-thumbnail","hentry","category-sin-categoria"],"acf":[],"uagb_featured_image_src":{"full":["https:\/\/www.mtess.gov.py\/wp-content\/uploads\/2024\/03\/a599807e3e7d7bbca8a641eb18c2643a-12.jpeg",250,167,false],"thumbnail":["https:\/\/www.mtess.gov.py\/wp-content\/uploads\/2024\/03\/a599807e3e7d7bbca8a641eb18c2643a-12-150x150.jpeg",150,150,true],"medium":["https:\/\/www.mtess.gov.py\/wp-content\/uploads\/2024\/03\/a599807e3e7d7bbca8a641eb18c2643a-12.jpeg",250,167,false],"medium_large":["https:\/\/www.mtess.gov.py\/wp-content\/uploads\/2024\/03\/a599807e3e7d7bbca8a641eb18c2643a-12.jpeg",250,167,false],"large":["https:\/\/www.mtess.gov.py\/wp-content\/uploads\/2024\/03\/a599807e3e7d7bbca8a641eb18c2643a-12.jpeg",250,167,false],"1536x1536":["https:\/\/www.mtess.gov.py\/wp-content\/uploads\/2024\/03\/a599807e3e7d7bbca8a641eb18c2643a-12.jpeg",250,167,false],"2048x2048":["https:\/\/www.mtess.gov.py\/wp-content\/uploads\/2024\/03\/a599807e3e7d7bbca8a641eb18c2643a-12.jpeg",250,167,false],"depicter-thumbnail":["https:\/\/www.mtess.gov.py\/wp-content\/uploads\/2024\/03\/a599807e3e7d7bbca8a641eb18c2643a-12.jpeg",200,134,false]},"uagb_author_info":{"display_name":"Lucas Santacruz","author_link":"https:\/\/www.mtess.gov.py\/?author=7"},"uagb_comment_info":0,"uagb_excerpt":"Representantes de diversas instituciones del Poder Ejecutivo se reunieron en el Ministerio de Trabajo para identificar las pol\u00edticas de fortalecimiento integral de las micro, peque\u00f1as y medianas empresas (Mipymes). El Gobierno apunta a facilitar la formalizaci\u00f3n, el acceso a cr\u00e9ditos, la creaci\u00f3n de empleos y la generaci\u00f3n de ingresos econ\u00f3micos de las unidades de producci\u00f3n&hellip;","_links":{"self":[{"href":"https:\/\/www.mtess.gov.py\/index.php?rest_route=\/wp\/v2\/posts\/6638","targetHints":{"allow":["GET"]}}],"collection":[{"href":"https:\/\/www.mtess.gov.py\/index.php?rest_route=\/wp\/v2\/posts"}],"about":[{"href":"https:\/\/www.mtess.gov.py\/index.php?rest_route=\/wp\/v2\/types\/post"}],"author":[{"embeddable":true,"href":"https:\/\/www.mtess.gov.py\/index.php?rest_route=\/wp\/v2\/users\/7"}],"replies":[{"embeddable":true,"href":"https:\/\/www.mtess.gov.py\/index.php?rest_route=%2Fwp%2Fv2%2Fcomments&post=6638"}],"version-history":[{"count":0,"href":"https:\/\/www.mtess.gov.py\/index.php?rest_route=\/wp\/v2\/posts\/6638\/revisions"}],"wp:featuredmedia":[{"embeddable":true,"href":"https:\/\/www.mtess.gov.py\/index.php?rest_route=\/wp\/v2\/media\/27375"}],"wp:attachment":[{"href":"https:\/\/www.mtess.gov.py\/index.php?rest_route=%2Fwp%2Fv2%2Fmedia&parent=6638"}],"wp:term":[{"taxonomy":"category","embeddable":true,"href":"https:\/\/www.mtess.gov.py\/index.php?rest_route=%2Fwp%2Fv2%2Fcategories&post=6638"},{"taxonomy":"post_tag","embeddable":true,"href":"https:\/\/www.mtess.gov.py\/index.php?rest_route=%2Fwp%2Fv2%2Ftags&post=6638"}],"curies":[{"name":"wp","href":"https:\/\/api.w.org\/{rel}","templated":true}]}}