{"id":6639,"date":"2024-03-19T17:38:00","date_gmt":"2024-03-19T21:38:00","guid":{"rendered":"https:\/\/bi.mtess.gov.py\/v1\/?p=6639"},"modified":"2024-03-19T17:38:00","modified_gmt":"2024-03-19T21:38:00","slug":"comision-interinstitucional-de-transporte-accionara-ante-impacto-del-calor-extremo-en-las-condiciones-laborales","status":"publish","type":"post","link":"https:\/\/www.mtess.gov.py\/?p=6639","title":{"rendered":"Comisi\u00f3n Interinstitucional de Transporte accionar\u00e1 ante impacto del calor extremo en las condiciones laborales"},"content":{"rendered":"<p>En su reuni\u00f3n mensual ordinaria, la Comisi\u00f3n de Transporte recibi\u00f3 este martes a los dirigentes de la Central Nacional de Trabajadores (CNT) y de la Federaci\u00f3n de Trabajadores de Transporte (Fetrap), con el objetivo de seguir avanzando en el cumplimiento de las obligaciones laborales en el sector. <\/p>\n<p>Los trabajadores reiteraron la necesidad de respetar la jornada de ocho horas, sobre todo en las condiciones clim\u00e1ticas que afectan al pa\u00eds en estos d\u00edas. \u201cTenemos un extremo calor que repercute en la calidad de vida del trabajador y en la calidad del servicio; vamos a dar \u00e9nfasis a esto, tenemos denuncias puntuales que pueden dar pie a fiscalizaciones a esas empresas\u201d, manifest\u00f3 el viceministro de Trabajo, C\u00e9sar Segovia. <\/p>\n<p>Los conductores tambi\u00e9n plantean la instalaci\u00f3n de puestos de controles permanentes en puntos estrat\u00e9gicos de Asunci\u00f3n y alrededores, para verificar el cumplimiento de las ocho horas laborales y constatar si los \u00f3mnibus est\u00e1n adecuadamente climatizados, expres\u00f3 por su parte Miguel Zayas, de la CNT. <\/p>\n<p>En ese sentido, la Comisi\u00f3n analiza la posibilidad de incluir a los trabajadores en los pr\u00f3ximos operativos de control, como una medida de mayor transparencia. Las fiscalizaciones, que ya se vienen realizando en diversas zonas del \u00e1rea metropolitana, incluyen igualmente la verificaci\u00f3n del cumplimiento del seguro social del Instituto de Previsi\u00f3n Social (IPS), en el transporte de pasajeros y de cargas. <\/p>\n<p>La Comisi\u00f3n Interinstitucional de Transporte es coordinada por el Viceministerio de Trabajo y est\u00e1 integrada por el Viceministerio de Transporte, la Direcci\u00f3n Nacional de Transporte (Dinatr\u00e1n) y la Direcci\u00f3n de Aporte Obrero Patronal del Instituto de Previsi\u00f3n Social (IPS).<\/p>\n","protected":false},"excerpt":{"rendered":"<p>La Comisi\u00f3n Interinstitucional de Transporte recibi\u00f3 una serie de inquietudes de parte de los conductores, como las condiciones en que deben trabajar en los d\u00edas de calor extremo. El organismo, liderado por el Ministerio de Trabajo, anunci\u00f3 los controles correspondientes.<\/p>\n","protected":false},"author":7,"featured_media":27376,"comment_status":"open","ping_status":"open","sticky":false,"template":"","format":"standard","meta":{"_acf_changed":false,"_uag_custom_page_level_css":"","footnotes":""},"categories":[1],"tags":[],"class_list":["post-6639","post","type-post","status-publish","format-standard","has-post-thumbnail","hentry","category-sin-categoria"],"acf":[],"uagb_featured_image_src":{"full":["https:\/\/www.mtess.gov.py\/wp-content\/uploads\/2024\/03\/0f893ab638075881e3ed981a5df2d2a3-12.jpeg",250,141,false],"thumbnail":["https:\/\/www.mtess.gov.py\/wp-content\/uploads\/2024\/03\/0f893ab638075881e3ed981a5df2d2a3-12-150x141.jpeg",150,141,true],"medium":["https:\/\/www.mtess.gov.py\/wp-content\/uploads\/2024\/03\/0f893ab638075881e3ed981a5df2d2a3-12.jpeg",250,141,false],"medium_large":["https:\/\/www.mtess.gov.py\/wp-content\/uploads\/2024\/03\/0f893ab638075881e3ed981a5df2d2a3-12.jpeg",250,141,false],"large":["https:\/\/www.mtess.gov.py\/wp-content\/uploads\/2024\/03\/0f893ab638075881e3ed981a5df2d2a3-12.jpeg",250,141,false],"1536x1536":["https:\/\/www.mtess.gov.py\/wp-content\/uploads\/2024\/03\/0f893ab638075881e3ed981a5df2d2a3-12.jpeg",250,141,false],"2048x2048":["https:\/\/www.mtess.gov.py\/wp-content\/uploads\/2024\/03\/0f893ab638075881e3ed981a5df2d2a3-12.jpeg",250,141,false],"depicter-thumbnail":["https:\/\/www.mtess.gov.py\/wp-content\/uploads\/2024\/03\/0f893ab638075881e3ed981a5df2d2a3-12.jpeg",200,113,false]},"uagb_author_info":{"display_name":"Lucas Santacruz","author_link":"https:\/\/www.mtess.gov.py\/?author=7"},"uagb_comment_info":0,"uagb_excerpt":"La Comisi\u00f3n Interinstitucional de Transporte recibi\u00f3 una serie de inquietudes de parte de los conductores, como las condiciones en que deben trabajar en los d\u00edas de calor extremo. El organismo, liderado por el Ministerio de Trabajo, anunci\u00f3 los controles correspondientes.","_links":{"self":[{"href":"https:\/\/www.mtess.gov.py\/index.php?rest_route=\/wp\/v2\/posts\/6639","targetHints":{"allow":["GET"]}}],"collection":[{"href":"https:\/\/www.mtess.gov.py\/index.php?rest_route=\/wp\/v2\/posts"}],"about":[{"href":"https:\/\/www.mtess.gov.py\/index.php?rest_route=\/wp\/v2\/types\/post"}],"author":[{"embeddable":true,"href":"https:\/\/www.mtess.gov.py\/index.php?rest_route=\/wp\/v2\/users\/7"}],"replies":[{"embeddable":true,"href":"https:\/\/www.mtess.gov.py\/index.php?rest_route=%2Fwp%2Fv2%2Fcomments&post=6639"}],"version-history":[{"count":0,"href":"https:\/\/www.mtess.gov.py\/index.php?rest_route=\/wp\/v2\/posts\/6639\/revisions"}],"wp:featuredmedia":[{"embeddable":true,"href":"https:\/\/www.mtess.gov.py\/index.php?rest_route=\/wp\/v2\/media\/27376"}],"wp:attachment":[{"href":"https:\/\/www.mtess.gov.py\/index.php?rest_route=%2Fwp%2Fv2%2Fmedia&parent=6639"}],"wp:term":[{"taxonomy":"category","embeddable":true,"href":"https:\/\/www.mtess.gov.py\/index.php?rest_route=%2Fwp%2Fv2%2Fcategories&post=6639"},{"taxonomy":"post_tag","embeddable":true,"href":"https:\/\/www.mtess.gov.py\/index.php?rest_route=%2Fwp%2Fv2%2Ftags&post=6639"}],"curies":[{"name":"wp","href":"https:\/\/api.w.org\/{rel}","templated":true}]}}