{"id":6640,"date":"2024-03-18T20:00:00","date_gmt":"2024-03-19T00:00:00","guid":{"rendered":"https:\/\/bi.mtess.gov.py\/v1\/?p=6640"},"modified":"2024-03-18T20:00:00","modified_gmt":"2024-03-19T00:00:00","slug":"con-acompanamiento-del-ministerio-de-trabajo-asumieron-nuevas-autoridades-de-la-caja-bancaria","status":"publish","type":"post","link":"https:\/\/www.mtess.gov.py\/?p=6640","title":{"rendered":"Con acompa\u00f1amiento del Ministerio de Trabajo, asumieron nuevas autoridades de la Caja Bancaria"},"content":{"rendered":"<p>En la ocasi\u00f3n, tomaron posesi\u00f3n de sus respectivos cargos, Roberto N\u00fa\u00f1ez, como presidente; Mar\u00eda Elizabeth Oviedo, como miembro titular del Consejo de Administraci\u00f3n por la patronal; Francisco Florent\u00edn, como miembro suplente; Nelson Qui\u00f1\u00f3nez, como miembro titular por el estamento Jubilados; V\u00edctor Ayala, como suplente; Rodrigo Ram\u00edrez, como titular del estamento trabajadores Activos; y como suplente, Juan Adriz Gonz\u00e1lez. <\/p>\n<p>La n\u00f3mina de las autoridades fue homologada por Decreto N\u00b01349 del Poder Ejecutivo, refrendado por el Ministerio de Trabajo, en base a los resultados de los comicios de la Caja Bancaria, que tuvieron lugar el 5 de marzo pasado, de conformidad con el acta de proclamaci\u00f3n dictada por el Tribunal Electoral Independiente de la referida caja. <\/p>\n<p>\u201cDe acuerdo al an\u00e1lisis previo que hemos realizado, llegamos a la conclusi\u00f3n de que nuestra entidad previsional enfrenta actualmente una situaci\u00f3n desafiante en t\u00e9rminos de solvencia financiera en el mediano y largo plazo\u201d, admiti\u00f3 el nuevo presidente. En tal sentido, solicit\u00f3 el apoyo de todos los socios para construir una caja moderna, \u00e1gil, eficiente, competitiva, s\u00f3lida, segura y \u2013 fundamentalmente- \u201cque sea sostenible en el tiempo\u201d. <\/p>\n<p>Acompa\u00f1aron el acto de toma de posesi\u00f3n de cargo en la Caja Bancaria, representantes del Banco Nacional de Fomento y de la Agencia Financiera de Desarrollo.<\/p>\n","protected":false},"excerpt":{"rendered":"<p>Las nuevas autoridades de la Caja de Jubilaciones y Pensiones de Empleados de Bancos y Afines, electas para el periodo 2024-2027, asumieron oficialmente sus funciones este lunes, en un acto que se llev\u00f3 a cabo en la sede de la instituci\u00f3n, con presencia de la ministra de Trabajo, Empleo y Seguridad Social, M\u00f3nica Recalde.<\/p>\n","protected":false},"author":7,"featured_media":27377,"comment_status":"open","ping_status":"open","sticky":false,"template":"","format":"standard","meta":{"_acf_changed":false,"_uag_custom_page_level_css":"","footnotes":""},"categories":[1],"tags":[],"class_list":["post-6640","post","type-post","status-publish","format-standard","has-post-thumbnail","hentry","category-sin-categoria"],"acf":[],"uagb_featured_image_src":{"full":["https:\/\/www.mtess.gov.py\/wp-content\/uploads\/2024\/03\/af7e8083a82faf71606d803e0c9f5f5f-12.jpeg",250,167,false],"thumbnail":["https:\/\/www.mtess.gov.py\/wp-content\/uploads\/2024\/03\/af7e8083a82faf71606d803e0c9f5f5f-12-150x150.jpeg",150,150,true],"medium":["https:\/\/www.mtess.gov.py\/wp-content\/uploads\/2024\/03\/af7e8083a82faf71606d803e0c9f5f5f-12.jpeg",250,167,false],"medium_large":["https:\/\/www.mtess.gov.py\/wp-content\/uploads\/2024\/03\/af7e8083a82faf71606d803e0c9f5f5f-12.jpeg",250,167,false],"large":["https:\/\/www.mtess.gov.py\/wp-content\/uploads\/2024\/03\/af7e8083a82faf71606d803e0c9f5f5f-12.jpeg",250,167,false],"1536x1536":["https:\/\/www.mtess.gov.py\/wp-content\/uploads\/2024\/03\/af7e8083a82faf71606d803e0c9f5f5f-12.jpeg",250,167,false],"2048x2048":["https:\/\/www.mtess.gov.py\/wp-content\/uploads\/2024\/03\/af7e8083a82faf71606d803e0c9f5f5f-12.jpeg",250,167,false],"depicter-thumbnail":["https:\/\/www.mtess.gov.py\/wp-content\/uploads\/2024\/03\/af7e8083a82faf71606d803e0c9f5f5f-12.jpeg",200,134,false]},"uagb_author_info":{"display_name":"Lucas Santacruz","author_link":"https:\/\/www.mtess.gov.py\/?author=7"},"uagb_comment_info":0,"uagb_excerpt":"Las nuevas autoridades de la Caja de Jubilaciones y Pensiones de Empleados de Bancos y Afines, electas para el periodo 2024-2027, asumieron oficialmente sus funciones este lunes, en un acto que se llev\u00f3 a cabo en la sede de la instituci\u00f3n, con presencia de la ministra de Trabajo, Empleo y Seguridad Social, M\u00f3nica Recalde.","_links":{"self":[{"href":"https:\/\/www.mtess.gov.py\/index.php?rest_route=\/wp\/v2\/posts\/6640","targetHints":{"allow":["GET"]}}],"collection":[{"href":"https:\/\/www.mtess.gov.py\/index.php?rest_route=\/wp\/v2\/posts"}],"about":[{"href":"https:\/\/www.mtess.gov.py\/index.php?rest_route=\/wp\/v2\/types\/post"}],"author":[{"embeddable":true,"href":"https:\/\/www.mtess.gov.py\/index.php?rest_route=\/wp\/v2\/users\/7"}],"replies":[{"embeddable":true,"href":"https:\/\/www.mtess.gov.py\/index.php?rest_route=%2Fwp%2Fv2%2Fcomments&post=6640"}],"version-history":[{"count":0,"href":"https:\/\/www.mtess.gov.py\/index.php?rest_route=\/wp\/v2\/posts\/6640\/revisions"}],"wp:featuredmedia":[{"embeddable":true,"href":"https:\/\/www.mtess.gov.py\/index.php?rest_route=\/wp\/v2\/media\/27377"}],"wp:attachment":[{"href":"https:\/\/www.mtess.gov.py\/index.php?rest_route=%2Fwp%2Fv2%2Fmedia&parent=6640"}],"wp:term":[{"taxonomy":"category","embeddable":true,"href":"https:\/\/www.mtess.gov.py\/index.php?rest_route=%2Fwp%2Fv2%2Fcategories&post=6640"},{"taxonomy":"post_tag","embeddable":true,"href":"https:\/\/www.mtess.gov.py\/index.php?rest_route=%2Fwp%2Fv2%2Ftags&post=6640"}],"curies":[{"name":"wp","href":"https:\/\/api.w.org\/{rel}","templated":true}]}}