{"id":6694,"date":"2024-01-12T12:13:00","date_gmt":"2024-01-12T16:13:00","guid":{"rendered":"https:\/\/bi.mtess.gov.py\/v1\/?p=6694"},"modified":"2024-01-12T12:13:00","modified_gmt":"2024-01-12T16:13:00","slug":"validan-procedimientos-para-inscribir-a-los-microempresarios-en-el-ips-desde-el-lunes","status":"publish","type":"post","link":"https:\/\/www.mtess.gov.py\/?p=6694","title":{"rendered":"Validan procedimientos para inscribir a los microempresarios en el IPS desde el lunes"},"content":{"rendered":"<p><span style=\"font-size: 18px\"><span>La hist\u00f3rica medida es posible mediante el Decreto N\u00b0 933 firmado por el presidente de la Rep\u00fablica, Santiago Pe\u00f1a, que reglamenta la Ley 5741\/16.De esta manera, los microempresarios podr\u00e1n acceder al seguro de salud y de jubilaci\u00f3n aportando el equivalente al 23% del salario m\u00ednimo.<\/span><\/span><\/p>\n<p><span style=\"font-size: 18px\"><span>Los microempresarios recibir\u00e1n prestaciones por los riesgos, accidente y enfermedad com\u00fan, accidente y enfermedad profesional, maternidad, invalidez, vejez y muerte, conforme a las disposiciones legales que rigen para los cotizantes del Seguro General Obligatorio del IPS.<\/span><\/span><\/p>\n<p><span style=\"font-size: 18px\"><span>Adem\u00e1s, establece que hasta el a\u00f1o 2018 la inscripci\u00f3n ser\u00e1 voluntaria y a partir del 1 de julio del 2028, todos los sujetos obligados de la Ley deber\u00e1n estar inscriptos en el IPS, seg\u00fan la categorizaci\u00f3n del MIC. Cabe mencionar que la cobertura es para el propietario de la microempresa y su grupo familiar.<\/span><\/span><\/p>\n<p><span style=\"font-size: 18px\"><span>Son consideradas microempresas, las unidades econ\u00f3micas formadas por hasta un m\u00e1ximo de 10 personas, en la que el propietario trabaja o integrantes de su familia y tenga una facturaci\u00f3n anual de poco m\u00e1s de G 646.000.000.<\/span><\/span><\/p>\n","protected":false},"excerpt":{"rendered":"<p>Autoridades de Gobierno y representantes de la Federaci\u00f3n Paraguaya de la Micro, Peque\u00f1a y Mediana Empresa se reunieron este jueves en la sede del Ministerio de Trabajo, Empleo y Seguridad Social para revisar y ajustar los \u00faltimos detalles relacionados con la incorporaci\u00f3n de los propietarios y propietarias de microempresas como asegurados del Instituto de Previsi\u00f3n Social (IPS). Durante el encuentro, liderado por la ministra de Trabajo, M\u00f3nica Recalde, se reiter\u00f3 el compromiso de realizar las primeras inscripciones el pr\u00f3ximo lunes 15 de enero, para lo cual vienen trabajando de manera coordinada el MTESS, el Ministerio de Industria y Comercio, el IPS y los microempresarios.<\/p>\n","protected":false},"author":7,"featured_media":27428,"comment_status":"open","ping_status":"open","sticky":false,"template":"","format":"standard","meta":{"_acf_changed":false,"_uag_custom_page_level_css":"","footnotes":""},"categories":[1],"tags":[],"class_list":["post-6694","post","type-post","status-publish","format-standard","has-post-thumbnail","hentry","category-sin-categoria"],"acf":[],"uagb_featured_image_src":{"full":["https:\/\/www.mtess.gov.py\/wp-content\/uploads\/2024\/01\/WhatsApp_Image_2024-01-12_at_09.13.29-7.jpeg",1620,1080,false],"thumbnail":["https:\/\/www.mtess.gov.py\/wp-content\/uploads\/2024\/01\/WhatsApp_Image_2024-01-12_at_09.13.29-7-150x150.jpeg",150,150,true],"medium":["https:\/\/www.mtess.gov.py\/wp-content\/uploads\/2024\/01\/WhatsApp_Image_2024-01-12_at_09.13.29-7-300x200.jpeg",300,200,true],"medium_large":["https:\/\/www.mtess.gov.py\/wp-content\/uploads\/2024\/01\/WhatsApp_Image_2024-01-12_at_09.13.29-7-768x512.jpeg",768,512,true],"large":["https:\/\/www.mtess.gov.py\/wp-content\/uploads\/2024\/01\/WhatsApp_Image_2024-01-12_at_09.13.29-7-300x200.jpeg",300,200,true],"1536x1536":["https:\/\/www.mtess.gov.py\/wp-content\/uploads\/2024\/01\/WhatsApp_Image_2024-01-12_at_09.13.29-7-1536x1024.jpeg",1536,1024,true],"2048x2048":["https:\/\/www.mtess.gov.py\/wp-content\/uploads\/2024\/01\/WhatsApp_Image_2024-01-12_at_09.13.29-7.jpeg",1620,1080,false],"depicter-thumbnail":["https:\/\/www.mtess.gov.py\/wp-content\/uploads\/2024\/01\/WhatsApp_Image_2024-01-12_at_09.13.29-7.jpeg",200,133,false]},"uagb_author_info":{"display_name":"Lucas Santacruz","author_link":"https:\/\/www.mtess.gov.py\/?author=7"},"uagb_comment_info":0,"uagb_excerpt":"Autoridades de Gobierno y representantes de la Federaci\u00f3n Paraguaya de la Micro, Peque\u00f1a y Mediana Empresa se reunieron este jueves en la sede del Ministerio de Trabajo, Empleo y Seguridad Social para revisar y ajustar los \u00faltimos detalles relacionados con la incorporaci\u00f3n de los propietarios y propietarias de microempresas como asegurados del Instituto de Previsi\u00f3n&hellip;","_links":{"self":[{"href":"https:\/\/www.mtess.gov.py\/index.php?rest_route=\/wp\/v2\/posts\/6694","targetHints":{"allow":["GET"]}}],"collection":[{"href":"https:\/\/www.mtess.gov.py\/index.php?rest_route=\/wp\/v2\/posts"}],"about":[{"href":"https:\/\/www.mtess.gov.py\/index.php?rest_route=\/wp\/v2\/types\/post"}],"author":[{"embeddable":true,"href":"https:\/\/www.mtess.gov.py\/index.php?rest_route=\/wp\/v2\/users\/7"}],"replies":[{"embeddable":true,"href":"https:\/\/www.mtess.gov.py\/index.php?rest_route=%2Fwp%2Fv2%2Fcomments&post=6694"}],"version-history":[{"count":0,"href":"https:\/\/www.mtess.gov.py\/index.php?rest_route=\/wp\/v2\/posts\/6694\/revisions"}],"wp:featuredmedia":[{"embeddable":true,"href":"https:\/\/www.mtess.gov.py\/index.php?rest_route=\/wp\/v2\/media\/27428"}],"wp:attachment":[{"href":"https:\/\/www.mtess.gov.py\/index.php?rest_route=%2Fwp%2Fv2%2Fmedia&parent=6694"}],"wp:term":[{"taxonomy":"category","embeddable":true,"href":"https:\/\/www.mtess.gov.py\/index.php?rest_route=%2Fwp%2Fv2%2Fcategories&post=6694"},{"taxonomy":"post_tag","embeddable":true,"href":"https:\/\/www.mtess.gov.py\/index.php?rest_route=%2Fwp%2Fv2%2Ftags&post=6694"}],"curies":[{"name":"wp","href":"https:\/\/api.w.org\/{rel}","templated":true}]}}