{"id":6702,"date":"2023-12-27T10:13:00","date_gmt":"2023-12-27T14:13:00","guid":{"rendered":"https:\/\/bi.mtess.gov.py\/v1\/?p=6702"},"modified":"2023-12-27T10:13:00","modified_gmt":"2023-12-27T14:13:00","slug":"gobierno-nacional-emite-decreto-que-posibilitara-el-acceso-al-seguro-social-a-mas-de-236-000-microempresarios","status":"publish","type":"post","link":"https:\/\/www.mtess.gov.py\/?p=6702","title":{"rendered":"Gobierno Nacional emite decreto que posibilitar\u00e1 el acceso al seguro social a m\u00e1s de 236.000 microempresarios"},"content":{"rendered":"<p style=\"text-align: justify\"><span style=\"font-size: 16px\"><span>Es un hito hist\u00f3rico que una Ley que se promulg\u00f3 en el 2016, se reglament\u00f3 de forma consensuada y no se firm\u00f3 en el gobierno anterior, se firma hoy\u201d, destac\u00f3 el jefe de Estado, al dar a conocer la medida en Mburuvicha R\u00f3ga, acompa\u00f1ado por los integrantes de su Gabinete y representantes de gremios de micro, peque\u00f1as y medianas empresas.<\/span><\/span><\/p>\n<p><span style=\"font-size: 16px\"><span>La reglamentaci\u00f3n es resultado de m\u00e1s de dos a\u00f1os de trabajo coordinado entre el Ministerio de Trabajo, Empleo y Seguridad Social, el Ministerio de Industria y Comercio, el IPS y el sector privado.<\/span><\/span><\/p>\n<p><span style=\"font-size: 16px\"><span>La ministra de Trabajo se\u00f1al\u00f3 que la medida va en l\u00ednea con la pol\u00edtica de ampliar el seguro social, incluyendo en este caso a las microempresas, para contar con cobertura no solo de jubilaci\u00f3n, sino de salud.<\/span><\/span><\/p>\n<p><span style=\"font-size: 16px\"><span>Los beneficiarios recibir\u00e1n prestaciones por los riesgos, accidente y enfermedad com\u00fan, accidente y enfermedad profesional, maternidad, invalidez, vejez y muerte, conforme a las disposiciones legales que rigen para los cotizantes del Seguro General Obligatorio del IPS.<\/span><\/span><\/p>\n<p><span style=\"font-size: 16px\"><span>Adem\u00e1s, establece que hasta el a\u00f1o 2018 la inscripci\u00f3n ser\u00e1 voluntaria y a partir del 1 de julio del 2028, todos los sujetos obligados de la Ley deber\u00e1n estar inscriptos en el IPS, seg\u00fan la categorizaci\u00f3n del MIC. Cabe mencionar que la cobertura es para el propietario de la microempresa y su grupo familiar.  <\/span><\/span><\/p>\n<p><span style=\"font-size: 16px\"><span>Son consideradas microempresas, las unidades econ\u00f3micas formadas por hasta un m\u00e1ximo de 10 personas, en la que el propietario trabaja o integrantes de su familia y tenga una facturaci\u00f3n anual de poco m\u00e1s de Gs. 646.000.000.<\/span><\/span><\/p>\n","protected":false},"excerpt":{"rendered":"<p>M\u00e1s de 236.000 propietarios y propietarias de microempresas tendr\u00e1n acceso a la seguridad social administrada por el Instituto de Previsi\u00f3n Social (IPS), mediante el Decreto N\u00b0 933 firmado este mi\u00e9rcoles por el presidente de la Rep\u00fablica, Santiago Pe\u00f1a, que reglamenta la Ley 5741\/16. Con esta hist\u00f3rica medida, el Gobierno Nacional apunta a generar las condiciones de competitividad de las Mipymes en su proceso de formalizaci\u00f3n. Los microempresarios podr\u00e1n acceder a la seguridad social aportando el equivalente al 23% del salario m\u00ednimo.<\/p>\n","protected":false},"author":7,"featured_media":27437,"comment_status":"open","ping_status":"open","sticky":false,"template":"","format":"standard","meta":{"_acf_changed":false,"_uag_custom_page_level_css":"","footnotes":""},"categories":[1],"tags":[],"class_list":["post-6702","post","type-post","status-publish","format-standard","has-post-thumbnail","hentry","category-sin-categoria"],"acf":[],"uagb_featured_image_src":{"full":["https:\/\/www.mtess.gov.py\/wp-content\/uploads\/2023\/12\/WhatsApp_Image_2024-01-09_at_12.09.47_1-20240926-183321.jpeg",1619,1080,false],"thumbnail":["https:\/\/www.mtess.gov.py\/wp-content\/uploads\/2023\/12\/WhatsApp_Image_2024-01-09_at_12.09.47_1-20240926-183321-150x150.jpeg",150,150,true],"medium":["https:\/\/www.mtess.gov.py\/wp-content\/uploads\/2023\/12\/WhatsApp_Image_2024-01-09_at_12.09.47_1-20240926-183321-300x200.jpeg",300,200,true],"medium_large":["https:\/\/www.mtess.gov.py\/wp-content\/uploads\/2023\/12\/WhatsApp_Image_2024-01-09_at_12.09.47_1-20240926-183321-768x512.jpeg",768,512,true],"large":["https:\/\/www.mtess.gov.py\/wp-content\/uploads\/2023\/12\/WhatsApp_Image_2024-01-09_at_12.09.47_1-20240926-183321-300x200.jpeg",300,200,true],"1536x1536":["https:\/\/www.mtess.gov.py\/wp-content\/uploads\/2023\/12\/WhatsApp_Image_2024-01-09_at_12.09.47_1-20240926-183321-1536x1025.jpeg",1536,1025,true],"2048x2048":["https:\/\/www.mtess.gov.py\/wp-content\/uploads\/2023\/12\/WhatsApp_Image_2024-01-09_at_12.09.47_1-20240926-183321.jpeg",1619,1080,false],"depicter-thumbnail":["https:\/\/www.mtess.gov.py\/wp-content\/uploads\/2023\/12\/WhatsApp_Image_2024-01-09_at_12.09.47_1-20240926-183321.jpeg",200,133,false]},"uagb_author_info":{"display_name":"Lucas Santacruz","author_link":"https:\/\/www.mtess.gov.py\/?author=7"},"uagb_comment_info":0,"uagb_excerpt":"M\u00e1s de 236.000 propietarios y propietarias de microempresas tendr\u00e1n acceso a la seguridad social administrada por el Instituto de Previsi\u00f3n Social (IPS), mediante el Decreto N\u00b0 933 firmado este mi\u00e9rcoles por el presidente de la Rep\u00fablica, Santiago Pe\u00f1a, que reglamenta la Ley 5741\/16. Con esta hist\u00f3rica medida, el Gobierno Nacional apunta a generar las condiciones&hellip;","_links":{"self":[{"href":"https:\/\/www.mtess.gov.py\/index.php?rest_route=\/wp\/v2\/posts\/6702","targetHints":{"allow":["GET"]}}],"collection":[{"href":"https:\/\/www.mtess.gov.py\/index.php?rest_route=\/wp\/v2\/posts"}],"about":[{"href":"https:\/\/www.mtess.gov.py\/index.php?rest_route=\/wp\/v2\/types\/post"}],"author":[{"embeddable":true,"href":"https:\/\/www.mtess.gov.py\/index.php?rest_route=\/wp\/v2\/users\/7"}],"replies":[{"embeddable":true,"href":"https:\/\/www.mtess.gov.py\/index.php?rest_route=%2Fwp%2Fv2%2Fcomments&post=6702"}],"version-history":[{"count":0,"href":"https:\/\/www.mtess.gov.py\/index.php?rest_route=\/wp\/v2\/posts\/6702\/revisions"}],"wp:featuredmedia":[{"embeddable":true,"href":"https:\/\/www.mtess.gov.py\/index.php?rest_route=\/wp\/v2\/media\/27437"}],"wp:attachment":[{"href":"https:\/\/www.mtess.gov.py\/index.php?rest_route=%2Fwp%2Fv2%2Fmedia&parent=6702"}],"wp:term":[{"taxonomy":"category","embeddable":true,"href":"https:\/\/www.mtess.gov.py\/index.php?rest_route=%2Fwp%2Fv2%2Fcategories&post=6702"},{"taxonomy":"post_tag","embeddable":true,"href":"https:\/\/www.mtess.gov.py\/index.php?rest_route=%2Fwp%2Fv2%2Ftags&post=6702"}],"curies":[{"name":"wp","href":"https:\/\/api.w.org\/{rel}","templated":true}]}}