{"id":6703,"date":"2023-12-26T09:09:00","date_gmt":"2023-12-26T13:09:00","guid":{"rendered":"https:\/\/bi.mtess.gov.py\/v1\/?p=6703"},"modified":"2023-12-26T09:09:00","modified_gmt":"2023-12-26T13:09:00","slug":"ministerio-de-trabajo-empleo-y-seguridad-social-y-ministerio-de-la-mujer-establecen-lineas-prioritarias-de-trabajo-para-la-prevencion-de-la-violencia-laboral-y-economica","status":"publish","type":"post","link":"https:\/\/www.mtess.gov.py\/?p=6703","title":{"rendered":"Ministerio de Trabajo, Empleo y Seguridad Social y Ministerio de la Mujer establecen l\u00edneas prioritarias de trabajo para la prevenci\u00f3n de la violencia laboral y econ\u00f3mica"},"content":{"rendered":"<p><span style=\"font-size: 16px\"><span>La prevenci\u00f3n de la violencia hacia la mujer y el empoderamiento econ\u00f3mico se trabajar\u00e1n en el \u00e1mbito de la Mesa Interinstitucional para la Prevenci\u00f3n de la Violencia contra la Mujer (PREVIM), de la que forman parte 18 instituciones del Estado y representantes de la sociedad civil.  Se prev\u00e9 revisar los protocolos de violencia laboral contra las mujeres para el sector privado; por su parte, la estrategia de empoderamiento econ\u00f3mico busca ser una herramienta que permita contribuir a la salida y\/o prevenci\u00f3n del ciclo de la violencia.<\/span><\/span><\/p>\n<p><span style=\"font-size: 16px\"><span>En esta misma l\u00ednea, se abord\u00f3 el rol de coordinador que le corresponde al MTESS del M\u00f3dulo de Empoderamiento Econ\u00f3mico del Centro Ciudad Mujer, situado en Villa Elisa, a cargo del Ministerio de la Mujer.<\/span><\/span><\/p>\n<p><span style=\"font-size: 16px\"><span>Asimismo, analizando las diferencias entre mujeres y hombres en la participaci\u00f3n en el trabajo remunerado y no remunerado, se abord\u00f3 la problem\u00e1tica de cuidados, espec\u00edficamente las competencias que posee el Ministerio de Trabajo, en el marco de la Comisi\u00f3n Interinstitucional de Cuidados, vinculadas con la regulaci\u00f3n del mercado laboral y la formaci\u00f3n en \u00e1reas de cuidado.<\/span><\/span><\/p>\n<p><span style=\"font-size: 16px\"><span>Finalmente, ambas secretarias de Estado, acompa\u00f1adas por la directora general de Promoci\u00f3n a la Mujer Trabajadora del MTESS, Patricia Luchin Rumak, conversaron sobre las actividades a ser llevadas a cabo, entre febrero y marzo, por el D\u00eda de la Mujer Paraguaya y el D\u00eda Internacional de la Mujer, respectivamente.<\/span><\/span><\/p>\n","protected":false},"excerpt":{"rendered":"<p>Las ministras de Trabajo, M\u00f3nica Recalde, y de la Mujer, Cynthia Figueredo, se reunieron este martes para definir las l\u00edneas estrat\u00e9gicas de gesti\u00f3n para el a\u00f1o 2024, fijando como ejes prioritarios, entre otros, la prevenci\u00f3n de la violencia laboral hacia la mujer y el desarrollo de una estrategia de empoderamiento econ\u00f3mico, como parte del abordaje integral de la violencia de g\u00e9nero. Estas y otras l\u00edneas de trabajo estar\u00e1n contenidas en un convenio marco que firmar\u00e1n ambas instituciones, a fin de encarar posteriormente las acciones espec\u00edficas.<\/p>\n","protected":false},"author":7,"featured_media":27438,"comment_status":"open","ping_status":"open","sticky":false,"template":"","format":"standard","meta":{"_acf_changed":false,"_uag_custom_page_level_css":"","footnotes":""},"categories":[1],"tags":[],"class_list":["post-6703","post","type-post","status-publish","format-standard","has-post-thumbnail","hentry","category-sin-categoria"],"acf":[],"uagb_featured_image_src":{"full":["https:\/\/www.mtess.gov.py\/wp-content\/uploads\/2023\/12\/WhatsApp_Image_2024-01-09_at_08.23.22_3-20240926-183322.jpeg",1619,1080,false],"thumbnail":["https:\/\/www.mtess.gov.py\/wp-content\/uploads\/2023\/12\/WhatsApp_Image_2024-01-09_at_08.23.22_3-20240926-183322-150x150.jpeg",150,150,true],"medium":["https:\/\/www.mtess.gov.py\/wp-content\/uploads\/2023\/12\/WhatsApp_Image_2024-01-09_at_08.23.22_3-20240926-183322-300x200.jpeg",300,200,true],"medium_large":["https:\/\/www.mtess.gov.py\/wp-content\/uploads\/2023\/12\/WhatsApp_Image_2024-01-09_at_08.23.22_3-20240926-183322-768x512.jpeg",768,512,true],"large":["https:\/\/www.mtess.gov.py\/wp-content\/uploads\/2023\/12\/WhatsApp_Image_2024-01-09_at_08.23.22_3-20240926-183322-300x200.jpeg",300,200,true],"1536x1536":["https:\/\/www.mtess.gov.py\/wp-content\/uploads\/2023\/12\/WhatsApp_Image_2024-01-09_at_08.23.22_3-20240926-183322-1536x1025.jpeg",1536,1025,true],"2048x2048":["https:\/\/www.mtess.gov.py\/wp-content\/uploads\/2023\/12\/WhatsApp_Image_2024-01-09_at_08.23.22_3-20240926-183322.jpeg",1619,1080,false],"depicter-thumbnail":["https:\/\/www.mtess.gov.py\/wp-content\/uploads\/2023\/12\/WhatsApp_Image_2024-01-09_at_08.23.22_3-20240926-183322.jpeg",200,133,false]},"uagb_author_info":{"display_name":"Lucas Santacruz","author_link":"https:\/\/www.mtess.gov.py\/?author=7"},"uagb_comment_info":0,"uagb_excerpt":"Las ministras de Trabajo, M\u00f3nica Recalde, y de la Mujer, Cynthia Figueredo, se reunieron este martes para definir las l\u00edneas estrat\u00e9gicas de gesti\u00f3n para el a\u00f1o 2024, fijando como ejes prioritarios, entre otros, la prevenci\u00f3n de la violencia laboral hacia la mujer y el desarrollo de una estrategia de empoderamiento econ\u00f3mico, como parte del abordaje&hellip;","_links":{"self":[{"href":"https:\/\/www.mtess.gov.py\/index.php?rest_route=\/wp\/v2\/posts\/6703","targetHints":{"allow":["GET"]}}],"collection":[{"href":"https:\/\/www.mtess.gov.py\/index.php?rest_route=\/wp\/v2\/posts"}],"about":[{"href":"https:\/\/www.mtess.gov.py\/index.php?rest_route=\/wp\/v2\/types\/post"}],"author":[{"embeddable":true,"href":"https:\/\/www.mtess.gov.py\/index.php?rest_route=\/wp\/v2\/users\/7"}],"replies":[{"embeddable":true,"href":"https:\/\/www.mtess.gov.py\/index.php?rest_route=%2Fwp%2Fv2%2Fcomments&post=6703"}],"version-history":[{"count":0,"href":"https:\/\/www.mtess.gov.py\/index.php?rest_route=\/wp\/v2\/posts\/6703\/revisions"}],"wp:featuredmedia":[{"embeddable":true,"href":"https:\/\/www.mtess.gov.py\/index.php?rest_route=\/wp\/v2\/media\/27438"}],"wp:attachment":[{"href":"https:\/\/www.mtess.gov.py\/index.php?rest_route=%2Fwp%2Fv2%2Fmedia&parent=6703"}],"wp:term":[{"taxonomy":"category","embeddable":true,"href":"https:\/\/www.mtess.gov.py\/index.php?rest_route=%2Fwp%2Fv2%2Fcategories&post=6703"},{"taxonomy":"post_tag","embeddable":true,"href":"https:\/\/www.mtess.gov.py\/index.php?rest_route=%2Fwp%2Fv2%2Ftags&post=6703"}],"curies":[{"name":"wp","href":"https:\/\/api.w.org\/{rel}","templated":true}]}}