{"id":6704,"date":"2023-12-22T19:54:00","date_gmt":"2023-12-22T23:54:00","guid":{"rendered":"https:\/\/bi.mtess.gov.py\/v1\/?p=6704"},"modified":"2023-12-22T19:54:00","modified_gmt":"2023-12-22T23:54:00","slug":"plantean-capacitacion-con-enfoque-industrial-para-recambio-generacional-de-trabajadores-de-manufactura-de-pilar","status":"publish","type":"post","link":"https:\/\/www.mtess.gov.py\/?p=6704","title":{"rendered":"Plantean capacitaci\u00f3n con enfoque industrial para recambio generacional de trabajadores de Manufactura de Pilar"},"content":{"rendered":"<p><span style=\"font-size: 16px\"><span>La titular de Trabajo, acompa\u00f1ada por el director del Servicio Nacional de Promoci\u00f3n Profesional (SNPP), Jos\u00e9 Cogliolo, fue recibida por la directiva de Manufactura de Pilar, Lorena Caballero, y el GerenteGeneral de Planta, Mariano P\u00e1ez.<\/span><\/span><\/p>\n<p><span style=\"font-size: 16px\"><span>La visita permiti\u00f3 conocer el potencial de producci\u00f3n de la industria textil e identificar las prioridades en materia de capacitaci\u00f3n laboral para seguir acompa\u00f1ando, desde el sector p\u00fablico, el desenvolviendo de este pulm\u00f3n del desarrollo social y econ\u00f3mico de Pilar. <\/span><\/span><\/p>\n<p><span style=\"font-size: 16px\"><span>\u201cEn la mayor\u00eda de los casos, nuestros operarios, sean t\u00e9cnicos o administrativos, est\u00e1n por encima de los 30 a\u00f1os de antig\u00fcedad, se pueden acoger a la jubilaci\u00f3n con 55 a\u00f1os de edad; entonces, estamos trabajando con esa nueva generaci\u00f3n que se va incorporando a la empresa, desde el nivel gerencial hasta el \u00faltimo operario\u201d, mencion\u00f3 P\u00e1ez. <\/span><\/span><\/p>\n<p><span style=\"font-size: 16px\"><span>Entre los perfiles requeridos para los operarios, explic\u00f3 que es necesario que tengan conocimiento de mec\u00e1nica industrial, electricidad y electr\u00f3nica. \u201cEse segmento, que es muy especializado, cuesta ubicar en el mercado, porque no tenemos tanta industria textil, m\u00e1s bien tenemos que ser formadores en forma interna, y ser\u00eda interesante que desde el Ministerio de Trabajo se pueda promocionar para ver una l\u00ednea especial de capacitaci\u00f3n\u201d, plante\u00f3 el gerente general de Planta. <\/span><\/span><\/p>\n<p><span style=\"font-size: 16px\"><span>En respuesta, la ministra Recalde comunic\u00f3 que se proceder\u00e1 a ampliar la sede del SNPP situada en Pilar para ofrecer electricidad industrial, adem\u00e1s de mec\u00e1nica y otras especialidades laborales que requiere actualmente la zona.<\/span><\/span><\/p>\n","protected":false},"excerpt":{"rendered":"<p>La industria textil Manufactura de Pilar S.A. afronta un importante cambio generacional de trabajadores, atendiendo los a\u00f1os que lleva vigente en el mercado paraguayo. Llevar adelante ofertas de capacitaci\u00f3n que permitan atender estas vacancias que deja el personal especializado para acogerse a la jubilaci\u00f3n es una de las acciones acordadas durante el recorrido que realiz\u00f3 este jueves por la planta situada en la capital de \u00d1eembuc\u00fa, la ministra de Trabajo, M\u00f3nica Recalde.<\/p>\n","protected":false},"author":7,"featured_media":27439,"comment_status":"open","ping_status":"open","sticky":false,"template":"","format":"standard","meta":{"_acf_changed":false,"_uag_custom_page_level_css":"","footnotes":""},"categories":[1],"tags":[],"class_list":["post-6704","post","type-post","status-publish","format-standard","has-post-thumbnail","hentry","category-sin-categoria"],"acf":[],"uagb_featured_image_src":{"full":["https:\/\/www.mtess.gov.py\/wp-content\/uploads\/2023\/12\/WhatsApp_Image_2023-12-26_at_11.46.57-7.jpeg",1282,1080,false],"thumbnail":["https:\/\/www.mtess.gov.py\/wp-content\/uploads\/2023\/12\/WhatsApp_Image_2023-12-26_at_11.46.57-7-150x150.jpeg",150,150,true],"medium":["https:\/\/www.mtess.gov.py\/wp-content\/uploads\/2023\/12\/WhatsApp_Image_2023-12-26_at_11.46.57-7-300x253.jpeg",300,253,true],"medium_large":["https:\/\/www.mtess.gov.py\/wp-content\/uploads\/2023\/12\/WhatsApp_Image_2023-12-26_at_11.46.57-7-768x647.jpeg",768,647,true],"large":["https:\/\/www.mtess.gov.py\/wp-content\/uploads\/2023\/12\/WhatsApp_Image_2023-12-26_at_11.46.57-7-300x253.jpeg",300,253,true],"1536x1536":["https:\/\/www.mtess.gov.py\/wp-content\/uploads\/2023\/12\/WhatsApp_Image_2023-12-26_at_11.46.57-7.jpeg",1282,1080,false],"2048x2048":["https:\/\/www.mtess.gov.py\/wp-content\/uploads\/2023\/12\/WhatsApp_Image_2023-12-26_at_11.46.57-7.jpeg",1282,1080,false],"depicter-thumbnail":["https:\/\/www.mtess.gov.py\/wp-content\/uploads\/2023\/12\/WhatsApp_Image_2023-12-26_at_11.46.57-7.jpeg",200,168,false]},"uagb_author_info":{"display_name":"Lucas Santacruz","author_link":"https:\/\/www.mtess.gov.py\/?author=7"},"uagb_comment_info":0,"uagb_excerpt":"La industria textil Manufactura de Pilar S.A. afronta un importante cambio generacional de trabajadores, atendiendo los a\u00f1os que lleva vigente en el mercado paraguayo. Llevar adelante ofertas de capacitaci\u00f3n que permitan atender estas vacancias que deja el personal especializado para acogerse a la jubilaci\u00f3n es una de las acciones acordadas durante el recorrido que realiz\u00f3&hellip;","_links":{"self":[{"href":"https:\/\/www.mtess.gov.py\/index.php?rest_route=\/wp\/v2\/posts\/6704","targetHints":{"allow":["GET"]}}],"collection":[{"href":"https:\/\/www.mtess.gov.py\/index.php?rest_route=\/wp\/v2\/posts"}],"about":[{"href":"https:\/\/www.mtess.gov.py\/index.php?rest_route=\/wp\/v2\/types\/post"}],"author":[{"embeddable":true,"href":"https:\/\/www.mtess.gov.py\/index.php?rest_route=\/wp\/v2\/users\/7"}],"replies":[{"embeddable":true,"href":"https:\/\/www.mtess.gov.py\/index.php?rest_route=%2Fwp%2Fv2%2Fcomments&post=6704"}],"version-history":[{"count":0,"href":"https:\/\/www.mtess.gov.py\/index.php?rest_route=\/wp\/v2\/posts\/6704\/revisions"}],"wp:featuredmedia":[{"embeddable":true,"href":"https:\/\/www.mtess.gov.py\/index.php?rest_route=\/wp\/v2\/media\/27439"}],"wp:attachment":[{"href":"https:\/\/www.mtess.gov.py\/index.php?rest_route=%2Fwp%2Fv2%2Fmedia&parent=6704"}],"wp:term":[{"taxonomy":"category","embeddable":true,"href":"https:\/\/www.mtess.gov.py\/index.php?rest_route=%2Fwp%2Fv2%2Fcategories&post=6704"},{"taxonomy":"post_tag","embeddable":true,"href":"https:\/\/www.mtess.gov.py\/index.php?rest_route=%2Fwp%2Fv2%2Ftags&post=6704"}],"curies":[{"name":"wp","href":"https:\/\/api.w.org\/{rel}","templated":true}]}}