{"id":6705,"date":"2023-12-21T19:44:00","date_gmt":"2023-12-21T23:44:00","guid":{"rendered":"https:\/\/bi.mtess.gov.py\/v1\/?p=6705"},"modified":"2023-12-21T19:44:00","modified_gmt":"2023-12-21T23:44:00","slug":"ministerio-de-trabajo-pone-a-disposicion-de-neembucu-planes-de-capacitacion-laboral","status":"publish","type":"post","link":"https:\/\/www.mtess.gov.py\/?p=6705","title":{"rendered":"Ministerio de Trabajo pone a disposici\u00f3n de \u00d1eembuc\u00fa planes de capacitaci\u00f3n laboral"},"content":{"rendered":"<p><span><span style=\"font-size: 16px\">\u201cNos hemos reunido con el objetivo de articular acciones conjuntas para el impulso del emprendedurismo y la capacitaci\u00f3n laboral que acompa\u00f1en el desarrollo econ\u00f3mico que est\u00e1 experimentando esta zona del pa\u00eds, con el auge de nuevas industrias, as\u00ed como de establecimientos portuarios, tur\u00edsticos y comerciales, que requieren de mano de obra entrenada\u201d, expres\u00f3 la titular del MTESS.<\/span><\/span><\/p>\n<p><span><span style=\"font-size: 16px\">Se\u00f1al\u00f3 que, a trav\u00e9s de la Gobernaci\u00f3n, se pretende llegar a los 16 distritos del Departamento, con las ofertas de capacitaciones para dar m\u00e1s oportunidades de empleo y autoempleo a los pobladores de \u00d1eembuc\u00fa. <\/span><\/span><\/p>\n<p><span><span style=\"font-size: 16px\">Entre las propuestas, se considerar\u00e1n innovaciones en la malla curricular, para enfocar los entrenamientos laborales a lo que requiere la econom\u00eda de cada localidad. <\/span><\/span><\/p>\n<p><span><span style=\"font-size: 16px\">Con este mismo prop\u00f3sito, las autoridades del MTESS se reunieron seguidamente con el intendente de Pilar, Fernando Ram\u00edrez, en la sede municipal. En este contexto, surgi\u00f3 tambi\u00e9n la necesidad de fortalecer la formalizaci\u00f3n, mediante fiscalizaciones para velar por el cumplimiento de las normas laborales, pero, al mismo tiempo, ofreciendo estrategias que incentiven la adecuaci\u00f3n de las patronales a las exigencias legales. <\/span><\/span><\/p>\n<p><span><span style=\"font-size: 16px\">Asimismo, se acord\u00f3 promocionar en la zona la utilizaci\u00f3n del portal Emplea Py, de modo a facilitar la conexi\u00f3n de los buscadores de empleo con las ofertas laborales que va surgiendo con el desarrollo de la zona, a partir de la habilitaci\u00f3n de la ruta que une Villeta con Pilar.<\/span><\/span><\/p>\n","protected":false},"excerpt":{"rendered":"<p>Atendiendo el desarrollo econ\u00f3mico que se genera en torno la nueva infraestructura vial con que cuenta \u00d1eembuc\u00fa, el Ministerio de Trabajo, Empleo y Seguridad Social (MTESS) puso a disposici\u00f3n de los distritos del Departamento los planes y programas con que cuenta la instituci\u00f3n para la formaci\u00f3n laboral, adem\u00e1s de recorrer nuevas l\u00edneas de capacitaci\u00f3n que requiere la zona. Para tal efecto, la ministra de Trabajo, M\u00f3nica Recalde, junto con el viceministro de Trabajo, C\u00e9sar Segovia, y el director del Sistema Nacional de Promoci\u00f3n Profesional (SNPP), Jos\u00e9 Cogliolo, se reuni\u00f3 este jueves con el gobernador de \u00d1eembuc\u00fa, V\u00edctor Hugo Forneron.<\/p>\n","protected":false},"author":7,"featured_media":27441,"comment_status":"open","ping_status":"open","sticky":false,"template":"","format":"standard","meta":{"_acf_changed":false,"_uag_custom_page_level_css":"","footnotes":""},"categories":[1],"tags":[],"class_list":["post-6705","post","type-post","status-publish","format-standard","has-post-thumbnail","hentry","category-sin-categoria"],"acf":[],"uagb_featured_image_src":{"full":["https:\/\/www.mtess.gov.py\/wp-content\/uploads\/2023\/12\/WhatsApp_Image_2023-12-26_at_11.41.00-7.jpeg",1619,1080,false],"thumbnail":["https:\/\/www.mtess.gov.py\/wp-content\/uploads\/2023\/12\/WhatsApp_Image_2023-12-26_at_11.41.00-7-150x150.jpeg",150,150,true],"medium":["https:\/\/www.mtess.gov.py\/wp-content\/uploads\/2023\/12\/WhatsApp_Image_2023-12-26_at_11.41.00-7-300x200.jpeg",300,200,true],"medium_large":["https:\/\/www.mtess.gov.py\/wp-content\/uploads\/2023\/12\/WhatsApp_Image_2023-12-26_at_11.41.00-7-768x512.jpeg",768,512,true],"large":["https:\/\/www.mtess.gov.py\/wp-content\/uploads\/2023\/12\/WhatsApp_Image_2023-12-26_at_11.41.00-7-300x200.jpeg",300,200,true],"1536x1536":["https:\/\/www.mtess.gov.py\/wp-content\/uploads\/2023\/12\/WhatsApp_Image_2023-12-26_at_11.41.00-7-1536x1025.jpeg",1536,1025,true],"2048x2048":["https:\/\/www.mtess.gov.py\/wp-content\/uploads\/2023\/12\/WhatsApp_Image_2023-12-26_at_11.41.00-7.jpeg",1619,1080,false],"depicter-thumbnail":["https:\/\/www.mtess.gov.py\/wp-content\/uploads\/2023\/12\/WhatsApp_Image_2023-12-26_at_11.41.00-7.jpeg",200,133,false]},"uagb_author_info":{"display_name":"Lucas Santacruz","author_link":"https:\/\/www.mtess.gov.py\/?author=7"},"uagb_comment_info":0,"uagb_excerpt":"Atendiendo el desarrollo econ\u00f3mico que se genera en torno la nueva infraestructura vial con que cuenta \u00d1eembuc\u00fa, el Ministerio de Trabajo, Empleo y Seguridad Social (MTESS) puso a disposici\u00f3n de los distritos del Departamento los planes y programas con que cuenta la instituci\u00f3n para la formaci\u00f3n laboral, adem\u00e1s de recorrer nuevas l\u00edneas de capacitaci\u00f3n que&hellip;","_links":{"self":[{"href":"https:\/\/www.mtess.gov.py\/index.php?rest_route=\/wp\/v2\/posts\/6705","targetHints":{"allow":["GET"]}}],"collection":[{"href":"https:\/\/www.mtess.gov.py\/index.php?rest_route=\/wp\/v2\/posts"}],"about":[{"href":"https:\/\/www.mtess.gov.py\/index.php?rest_route=\/wp\/v2\/types\/post"}],"author":[{"embeddable":true,"href":"https:\/\/www.mtess.gov.py\/index.php?rest_route=\/wp\/v2\/users\/7"}],"replies":[{"embeddable":true,"href":"https:\/\/www.mtess.gov.py\/index.php?rest_route=%2Fwp%2Fv2%2Fcomments&post=6705"}],"version-history":[{"count":0,"href":"https:\/\/www.mtess.gov.py\/index.php?rest_route=\/wp\/v2\/posts\/6705\/revisions"}],"wp:featuredmedia":[{"embeddable":true,"href":"https:\/\/www.mtess.gov.py\/index.php?rest_route=\/wp\/v2\/media\/27441"}],"wp:attachment":[{"href":"https:\/\/www.mtess.gov.py\/index.php?rest_route=%2Fwp%2Fv2%2Fmedia&parent=6705"}],"wp:term":[{"taxonomy":"category","embeddable":true,"href":"https:\/\/www.mtess.gov.py\/index.php?rest_route=%2Fwp%2Fv2%2Fcategories&post=6705"},{"taxonomy":"post_tag","embeddable":true,"href":"https:\/\/www.mtess.gov.py\/index.php?rest_route=%2Fwp%2Fv2%2Ftags&post=6705"}],"curies":[{"name":"wp","href":"https:\/\/api.w.org\/{rel}","templated":true}]}}