{"id":6710,"date":"2023-12-14T18:15:00","date_gmt":"2023-12-14T22:15:00","guid":{"rendered":"https:\/\/bi.mtess.gov.py\/v1\/?p=6710"},"modified":"2023-12-14T18:15:00","modified_gmt":"2023-12-14T22:15:00","slug":"buscan-aprovechar-el-potencial-de-las-industrias-molineras-para-la-generacion-de-nuevos-empleos","status":"publish","type":"post","link":"https:\/\/www.mtess.gov.py\/?p=6710","title":{"rendered":"Buscan aprovechar el potencial de las industrias molineras para la generaci\u00f3n de nuevos empleos"},"content":{"rendered":"<p><span style=\"font-size: 16px\"><span>El evento prev\u00e9 reunir a unos 1.000 empresarios del sector, y el objetivo de la Capamol es contar con el acompa\u00f1amiento de instituciones gubernamentales relacionadas con la captaci\u00f3n de inversiones que propicien la generaci\u00f3n de nuevos negocios y, por ende, de m\u00e1s empleos, seg\u00fan explic\u00f3.<\/span><\/span><\/p>\n<p><span style=\"font-size: 16px\"><span>En otro momento, Arr\u00faa mencion\u00f3 que en el pa\u00eds existen unos 28 molineros harineros, de los cuales 22 forman parte de la Capamol, brindando empleos a m\u00e1s de 4.000 paraguayos. <\/span><\/span><\/p>\n<p><span style=\"font-size: 16px\"><span>\u201cLa producci\u00f3n se destina totalmente al mercado local, pero una alianza entre las industrias podr\u00eda permitir procesar el trigo que sale actualmente como materia prima y atender mercados de exportaci\u00f3n, lo cual favorecer\u00e1 a un mayor ingreso de divisas y a la generaci\u00f3n de m\u00e1s puestos de trabajo\u201d, declar\u00f3. <\/span><\/span><\/p>\n<p><span style=\"font-size: 16px\"><span>Finalmente, el director ejecutivo de la Capamol invit\u00f3 a la ministra Recalde y su equipo a recorrer las industrias molineras situadas en el sur del pa\u00eds, con el prop\u00f3sito de conocer de primera mano el potencial de producci\u00f3n y de crecimiento de este tradicional rubro manufacturero.<\/span><\/span><\/p>\n","protected":false},"excerpt":{"rendered":"<p>Las industrias molineras del pa\u00eds cuentan con un potencial que puede ser aprovechado para la generaci\u00f3n de nuevos puestos de trabajo, sea mediante la captaci\u00f3n de inversiones o a trav\u00e9s de alianzas entre las empresas para producir harina de trigo para la exportaci\u00f3n, seg\u00fan puntos abordados durante la reuni\u00f3n entre la ministra de Trabajo, M\u00f3nica Recalde, el viceministro C\u00e9sar Segovia, y el director ejecutivo de la C\u00e1mara Paraguaya de Molineros (Capamol), Enrique Arr\u00faa. Durante el encuentro, realizado este jueves en la sede ministerial, el directivo resalt\u00f3 que Paraguay ser\u00e1 sede de la Asamblea Anual de la Asociaci\u00f3n Latinoamericana de Industriales Molineros (ALIM), a finales de octubre del pr\u00f3ximo a\u00f1o.<\/p>\n","protected":false},"author":7,"featured_media":27446,"comment_status":"open","ping_status":"open","sticky":false,"template":"","format":"standard","meta":{"_acf_changed":false,"_uag_custom_page_level_css":"","footnotes":""},"categories":[1],"tags":[],"class_list":["post-6710","post","type-post","status-publish","format-standard","has-post-thumbnail","hentry","category-sin-categoria"],"acf":[],"uagb_featured_image_src":{"full":["https:\/\/www.mtess.gov.py\/wp-content\/uploads\/2023\/12\/WhatsApp_Image_2023-12-14_at_17.15.40-20240926-183328.jpeg",1620,1080,false],"thumbnail":["https:\/\/www.mtess.gov.py\/wp-content\/uploads\/2023\/12\/WhatsApp_Image_2023-12-14_at_17.15.40-20240926-183328-150x150.jpeg",150,150,true],"medium":["https:\/\/www.mtess.gov.py\/wp-content\/uploads\/2023\/12\/WhatsApp_Image_2023-12-14_at_17.15.40-20240926-183328-300x200.jpeg",300,200,true],"medium_large":["https:\/\/www.mtess.gov.py\/wp-content\/uploads\/2023\/12\/WhatsApp_Image_2023-12-14_at_17.15.40-20240926-183328-768x512.jpeg",768,512,true],"large":["https:\/\/www.mtess.gov.py\/wp-content\/uploads\/2023\/12\/WhatsApp_Image_2023-12-14_at_17.15.40-20240926-183328-300x200.jpeg",300,200,true],"1536x1536":["https:\/\/www.mtess.gov.py\/wp-content\/uploads\/2023\/12\/WhatsApp_Image_2023-12-14_at_17.15.40-20240926-183328-1536x1024.jpeg",1536,1024,true],"2048x2048":["https:\/\/www.mtess.gov.py\/wp-content\/uploads\/2023\/12\/WhatsApp_Image_2023-12-14_at_17.15.40-20240926-183328.jpeg",1620,1080,false],"depicter-thumbnail":["https:\/\/www.mtess.gov.py\/wp-content\/uploads\/2023\/12\/WhatsApp_Image_2023-12-14_at_17.15.40-20240926-183328.jpeg",200,133,false]},"uagb_author_info":{"display_name":"Lucas Santacruz","author_link":"https:\/\/www.mtess.gov.py\/?author=7"},"uagb_comment_info":0,"uagb_excerpt":"Las industrias molineras del pa\u00eds cuentan con un potencial que puede ser aprovechado para la generaci\u00f3n de nuevos puestos de trabajo, sea mediante la captaci\u00f3n de inversiones o a trav\u00e9s de alianzas entre las empresas para producir harina de trigo para la exportaci\u00f3n, seg\u00fan puntos abordados durante la reuni\u00f3n entre la ministra de Trabajo, M\u00f3nica&hellip;","_links":{"self":[{"href":"https:\/\/www.mtess.gov.py\/index.php?rest_route=\/wp\/v2\/posts\/6710","targetHints":{"allow":["GET"]}}],"collection":[{"href":"https:\/\/www.mtess.gov.py\/index.php?rest_route=\/wp\/v2\/posts"}],"about":[{"href":"https:\/\/www.mtess.gov.py\/index.php?rest_route=\/wp\/v2\/types\/post"}],"author":[{"embeddable":true,"href":"https:\/\/www.mtess.gov.py\/index.php?rest_route=\/wp\/v2\/users\/7"}],"replies":[{"embeddable":true,"href":"https:\/\/www.mtess.gov.py\/index.php?rest_route=%2Fwp%2Fv2%2Fcomments&post=6710"}],"version-history":[{"count":0,"href":"https:\/\/www.mtess.gov.py\/index.php?rest_route=\/wp\/v2\/posts\/6710\/revisions"}],"wp:featuredmedia":[{"embeddable":true,"href":"https:\/\/www.mtess.gov.py\/index.php?rest_route=\/wp\/v2\/media\/27446"}],"wp:attachment":[{"href":"https:\/\/www.mtess.gov.py\/index.php?rest_route=%2Fwp%2Fv2%2Fmedia&parent=6710"}],"wp:term":[{"taxonomy":"category","embeddable":true,"href":"https:\/\/www.mtess.gov.py\/index.php?rest_route=%2Fwp%2Fv2%2Fcategories&post=6710"},{"taxonomy":"post_tag","embeddable":true,"href":"https:\/\/www.mtess.gov.py\/index.php?rest_route=%2Fwp%2Fv2%2Ftags&post=6710"}],"curies":[{"name":"wp","href":"https:\/\/api.w.org\/{rel}","templated":true}]}}