{"id":6711,"date":"2023-12-14T17:04:00","date_gmt":"2023-12-14T21:04:00","guid":{"rendered":"https:\/\/bi.mtess.gov.py\/v1\/?p=6711"},"modified":"2023-12-14T17:04:00","modified_gmt":"2023-12-14T21:04:00","slug":"gobierno-y-dirigentes-sindicales-coinciden-en-avanzar-en-puntos-acordados-para-la-reforma-de-la-seguridad-social","status":"publish","type":"post","link":"https:\/\/www.mtess.gov.py\/?p=6711","title":{"rendered":"Gobierno y dirigentes sindicales coinciden en avanzar en puntos acordados para la reforma de la seguridad social"},"content":{"rendered":"<p><span style=\"font-size: 16px\"><span>Se\u00f1al\u00f3 que la disposici\u00f3n del presidente de la Rep\u00fablica, Santiago Pe\u00f1a, es tener espacios de di\u00e1logo abierto con las principales centrales sindicales, que permitan atender las necesidades del sector trabajador.<\/span><\/span><\/p>\n<p><span style=\"font-size: 16px\"><span>Una de esas instancias es el Consejo Consultivo Tripartito que lidera el Ministerio de Trabajo, desde donde se trabaj\u00f3 el acuerdo para la reforma de la seguridad social. Pero tambi\u00e9n existe el compromiso de abrir, por primera vez, una mesa de di\u00e1logo para la discusi\u00f3n sobre la libertad sindical, refiri\u00f3 la titular del MTESS. <\/span><\/span><\/p>\n<p><span style=\"font-size: 16px\"><span>Igualmente, inform\u00f3 que pr\u00f3ximamente se instalar\u00e1 la Mesa de Vivienda, con el fin de crear un programa que permita a los trabajadores acceder a un techo propio.<\/span><\/span><\/p>\n<p><strong><span style=\"font-size: 16px\"><span>Reforma necesaria<\/span><\/span><\/strong><\/p>\n<p><span style=\"font-size: 16px\"><span>A su turno, los dirigentes de la CUT defendieron el apoyo del gremio a la creaci\u00f3n de la Superintendencia de Jubilaciones y Pensiones. <\/span><\/span><\/p>\n<p><span style=\"font-size: 16px\"><span>\u201cM\u00e1s del 70% de los paraguayos no tienen seguridad social. Es justo y necesario hacer una reforma. Firm\u00e9 el acuerdo con la convicci\u00f3n de que debemos iniciar el debate sobre un ente regulador que pueda decirnos cu\u00e1l es el diagn\u00f3stico de las cajas, cu\u00e1l es el c\u00e1lculo actuarial, y empezar a hablar seriamente de la seguridad social en este pa\u00eds\u201d, expres\u00f3 Mirtha Arias, en su discurso de apertura de la asamblea. <\/span><\/span><\/p>\n<p><span style=\"font-size: 16px\"><span>\u201cNos propusimos llevar adelante un proyecto de ley necesario para el pa\u00eds, porque comprendimos que lleg\u00f3 el momento de la madurez pol\u00edtica para impulsar este tipo de reformas necesarias\u201d, manifest\u00f3, por su parte, el dirigente V\u00edctor Insfr\u00e1n.<\/span><\/span><\/p>\n","protected":false},"excerpt":{"rendered":"<p>Tras la promulgaci\u00f3n de la Ley N\u00b0 N\u00b0 7235, que crea la Superintendencia de Jubilaciones y Pensiones y el Consejo de Seguridad Social, el Gobierno y los representantes sindicales renovaron el compromiso de seguir avanzando en los puntos que formaron parte del acuerdo para impulsar la reforma de la seguridad social en el pa\u00eds. \u201cReafirmamos el compromiso del Gobierno Nacional de llevar adelante los puntos que formaron parte del acuerdo firmado, para que se ejecuten realmente\u201d, expres\u00f3 la ministra de Trabajo, Empleo y Seguridad Social, M\u00f3nica Recalde, durante la apertura del X Congreso de la Central Unitaria de Trabajadores, celebrado este jueves en Asunci\u00f3n.<\/p>\n","protected":false},"author":7,"featured_media":27447,"comment_status":"open","ping_status":"open","sticky":false,"template":"","format":"standard","meta":{"_acf_changed":false,"_uag_custom_page_level_css":"","footnotes":""},"categories":[1],"tags":[],"class_list":["post-6711","post","type-post","status-publish","format-standard","has-post-thumbnail","hentry","category-sin-categoria"],"acf":[],"uagb_featured_image_src":{"full":["https:\/\/www.mtess.gov.py\/wp-content\/uploads\/2023\/12\/WhatsApp_Image_2023-12-14_at_16.59.50_1-7.jpeg",1620,1080,false],"thumbnail":["https:\/\/www.mtess.gov.py\/wp-content\/uploads\/2023\/12\/WhatsApp_Image_2023-12-14_at_16.59.50_1-7-150x150.jpeg",150,150,true],"medium":["https:\/\/www.mtess.gov.py\/wp-content\/uploads\/2023\/12\/WhatsApp_Image_2023-12-14_at_16.59.50_1-7-300x200.jpeg",300,200,true],"medium_large":["https:\/\/www.mtess.gov.py\/wp-content\/uploads\/2023\/12\/WhatsApp_Image_2023-12-14_at_16.59.50_1-7-768x512.jpeg",768,512,true],"large":["https:\/\/www.mtess.gov.py\/wp-content\/uploads\/2023\/12\/WhatsApp_Image_2023-12-14_at_16.59.50_1-7-300x200.jpeg",300,200,true],"1536x1536":["https:\/\/www.mtess.gov.py\/wp-content\/uploads\/2023\/12\/WhatsApp_Image_2023-12-14_at_16.59.50_1-7-1536x1024.jpeg",1536,1024,true],"2048x2048":["https:\/\/www.mtess.gov.py\/wp-content\/uploads\/2023\/12\/WhatsApp_Image_2023-12-14_at_16.59.50_1-7.jpeg",1620,1080,false],"depicter-thumbnail":["https:\/\/www.mtess.gov.py\/wp-content\/uploads\/2023\/12\/WhatsApp_Image_2023-12-14_at_16.59.50_1-7.jpeg",200,133,false]},"uagb_author_info":{"display_name":"Lucas Santacruz","author_link":"https:\/\/www.mtess.gov.py\/?author=7"},"uagb_comment_info":0,"uagb_excerpt":"Tras la promulgaci\u00f3n de la Ley N\u00b0 N\u00b0 7235, que crea la Superintendencia de Jubilaciones y Pensiones y el Consejo de Seguridad Social, el Gobierno y los representantes sindicales renovaron el compromiso de seguir avanzando en los puntos que formaron parte del acuerdo para impulsar la reforma de la seguridad social en el pa\u00eds. \u201cReafirmamos&hellip;","_links":{"self":[{"href":"https:\/\/www.mtess.gov.py\/index.php?rest_route=\/wp\/v2\/posts\/6711","targetHints":{"allow":["GET"]}}],"collection":[{"href":"https:\/\/www.mtess.gov.py\/index.php?rest_route=\/wp\/v2\/posts"}],"about":[{"href":"https:\/\/www.mtess.gov.py\/index.php?rest_route=\/wp\/v2\/types\/post"}],"author":[{"embeddable":true,"href":"https:\/\/www.mtess.gov.py\/index.php?rest_route=\/wp\/v2\/users\/7"}],"replies":[{"embeddable":true,"href":"https:\/\/www.mtess.gov.py\/index.php?rest_route=%2Fwp%2Fv2%2Fcomments&post=6711"}],"version-history":[{"count":0,"href":"https:\/\/www.mtess.gov.py\/index.php?rest_route=\/wp\/v2\/posts\/6711\/revisions"}],"wp:featuredmedia":[{"embeddable":true,"href":"https:\/\/www.mtess.gov.py\/index.php?rest_route=\/wp\/v2\/media\/27447"}],"wp:attachment":[{"href":"https:\/\/www.mtess.gov.py\/index.php?rest_route=%2Fwp%2Fv2%2Fmedia&parent=6711"}],"wp:term":[{"taxonomy":"category","embeddable":true,"href":"https:\/\/www.mtess.gov.py\/index.php?rest_route=%2Fwp%2Fv2%2Fcategories&post=6711"},{"taxonomy":"post_tag","embeddable":true,"href":"https:\/\/www.mtess.gov.py\/index.php?rest_route=%2Fwp%2Fv2%2Ftags&post=6711"}],"curies":[{"name":"wp","href":"https:\/\/api.w.org\/{rel}","templated":true}]}}