{"id":6714,"date":"2023-12-12T15:43:00","date_gmt":"2023-12-12T19:43:00","guid":{"rendered":"https:\/\/bi.mtess.gov.py\/v1\/?p=6714"},"modified":"2023-12-12T15:43:00","modified_gmt":"2023-12-12T19:43:00","slug":"comision-interinstitucional-de-transporte-anuncia-operativo-de-fin-de-ano-para-precautelar-derechos-laborales","status":"publish","type":"post","link":"https:\/\/www.mtess.gov.py\/?p=6714","title":{"rendered":"Comisi\u00f3n Interinstitucional de Transporte anuncia operativo de fin de a\u00f1o para precautelar derechos laborales"},"content":{"rendered":"<p><span style=\"font-size: 16px\"><span>La comisi\u00f3n reactiv\u00f3 este martes sus reuniones peri\u00f3dicas, ocasi\u00f3n en que analiz\u00f3 denuncias recibidas de organizaciones sindicales sobre posibles incumplimientos de las normas laborales por parte de empresas de transporte p\u00fablico tanto del \u00e1rea metropolitana como del interior del pa\u00eds.<\/span><\/span><\/p>\n<p><span style=\"font-size: 16px\"><span>Asimismo, decidi\u00f3 poner en marcha las fiscalizaciones en ruta desde la pr\u00f3xima semana hasta finales de a\u00f1o, en una primera instancia, para luego programar los controles en el primer mes del 2024, seg\u00fan anunci\u00f3 el viceministro de Trabajo, C\u00e9sar Segovia. <\/span><\/span><\/p>\n<p><span style=\"font-size: 16px\"><span>Los controles abarcar\u00e1n las condiciones de los veh\u00edculos, a cargo del Viceministerio de Transporte o de la Dinatran, si se trata de empresas de media o larga distancia; el cumplimiento de los derechos laborales como salario m\u00ednimo, aguinaldo y las ocho horas de trabajo, a cargo del Ministerio de Trabajo, Empleo y Seguridad Social; y el registro de los trabajadores en el IPS, a cargo de la previsional. <\/span><\/span><\/p>\n<p><span style=\"font-size: 16px\"><span>Igualmente, la comisi\u00f3n resolvi\u00f3 reunirse de manera ordinaria el segundo martes de cada mes, con la posibilidad de abrir la primera hora de la sesi\u00f3n a la participaci\u00f3n tanto a los trabajadores como a los empleadores para exponer sus inquietudes.<\/span><\/span><\/p>\n<p><span style=\"font-size: 16px\"><span>Adem\u00e1s del viceministro Segovia, participaron de la reuni\u00f3n celebrada en el MTESS, el viceministro de Transporte, Guido Benza; el director de la Dinatran, Luis Fernando Gonz\u00e1lez; el director de Aporte Obrero Patronal del IPS, Am\u00e9rico Riquelme; y la directora general de Inspecci\u00f3n y Fiscalizaci\u00f3n del Ministerio de Trabajo, Anah\u00ed Carballo.<\/span><\/span><\/p>\n","protected":false},"excerpt":{"rendered":"<p>La Comisi\u00f3n Interinstitucional de Transporte resolvi\u00f3 poner en marcha el operativo de control de fin de a\u00f1o en las rutas del pa\u00eds para fiscalizar el cumplimiento de los derechos laborales en el sector. Entre otros aspectos, las fiscalizaciones incluir\u00e1n verificaciones sobre las condiciones de seguridad de los veh\u00edculos, el cumplimiento de las condiciones laborales y de la obligatoriedad del seguro social. Esta instancia, coordinada por el Viceministerio de Transporte, es integrada adem\u00e1s por el Viceministerio de Transporte, la Direcci\u00f3n Nacional de Transporte (Dinatran) y la Direcci\u00f3n de Aporte Obrero Patronal del Instituto de Previsi\u00f3n Social (IPS). Tiene como misi\u00f3n controlar y vigilar el cumplimiento de las leyes que regulan al sector de transporte p\u00fablico de pasajeros y de carga, el pago del salario m\u00ednimo, beneficios sociales contemplados en las leyes y reglamentos, entre otros.<\/p>\n","protected":false},"author":7,"featured_media":27450,"comment_status":"open","ping_status":"open","sticky":false,"template":"","format":"standard","meta":{"_acf_changed":false,"_uag_custom_page_level_css":"","footnotes":""},"categories":[1],"tags":[],"class_list":["post-6714","post","type-post","status-publish","format-standard","has-post-thumbnail","hentry","category-sin-categoria"],"acf":[],"uagb_featured_image_src":{"full":["https:\/\/www.mtess.gov.py\/wp-content\/uploads\/2023\/12\/WhatsApp_Image_2023-12-12_at_14.04.28_1-7.jpeg",1280,853,false],"thumbnail":["https:\/\/www.mtess.gov.py\/wp-content\/uploads\/2023\/12\/WhatsApp_Image_2023-12-12_at_14.04.28_1-7-150x150.jpeg",150,150,true],"medium":["https:\/\/www.mtess.gov.py\/wp-content\/uploads\/2023\/12\/WhatsApp_Image_2023-12-12_at_14.04.28_1-7-300x200.jpeg",300,200,true],"medium_large":["https:\/\/www.mtess.gov.py\/wp-content\/uploads\/2023\/12\/WhatsApp_Image_2023-12-12_at_14.04.28_1-7-768x512.jpeg",768,512,true],"large":["https:\/\/www.mtess.gov.py\/wp-content\/uploads\/2023\/12\/WhatsApp_Image_2023-12-12_at_14.04.28_1-7-300x200.jpeg",300,200,true],"1536x1536":["https:\/\/www.mtess.gov.py\/wp-content\/uploads\/2023\/12\/WhatsApp_Image_2023-12-12_at_14.04.28_1-7.jpeg",1280,853,false],"2048x2048":["https:\/\/www.mtess.gov.py\/wp-content\/uploads\/2023\/12\/WhatsApp_Image_2023-12-12_at_14.04.28_1-7.jpeg",1280,853,false],"depicter-thumbnail":["https:\/\/www.mtess.gov.py\/wp-content\/uploads\/2023\/12\/WhatsApp_Image_2023-12-12_at_14.04.28_1-7.jpeg",200,133,false]},"uagb_author_info":{"display_name":"Lucas Santacruz","author_link":"https:\/\/www.mtess.gov.py\/?author=7"},"uagb_comment_info":0,"uagb_excerpt":"La Comisi\u00f3n Interinstitucional de Transporte resolvi\u00f3 poner en marcha el operativo de control de fin de a\u00f1o en las rutas del pa\u00eds para fiscalizar el cumplimiento de los derechos laborales en el sector. Entre otros aspectos, las fiscalizaciones incluir\u00e1n verificaciones sobre las condiciones de seguridad de los veh\u00edculos, el cumplimiento de las condiciones laborales y&hellip;","_links":{"self":[{"href":"https:\/\/www.mtess.gov.py\/index.php?rest_route=\/wp\/v2\/posts\/6714","targetHints":{"allow":["GET"]}}],"collection":[{"href":"https:\/\/www.mtess.gov.py\/index.php?rest_route=\/wp\/v2\/posts"}],"about":[{"href":"https:\/\/www.mtess.gov.py\/index.php?rest_route=\/wp\/v2\/types\/post"}],"author":[{"embeddable":true,"href":"https:\/\/www.mtess.gov.py\/index.php?rest_route=\/wp\/v2\/users\/7"}],"replies":[{"embeddable":true,"href":"https:\/\/www.mtess.gov.py\/index.php?rest_route=%2Fwp%2Fv2%2Fcomments&post=6714"}],"version-history":[{"count":0,"href":"https:\/\/www.mtess.gov.py\/index.php?rest_route=\/wp\/v2\/posts\/6714\/revisions"}],"wp:featuredmedia":[{"embeddable":true,"href":"https:\/\/www.mtess.gov.py\/index.php?rest_route=\/wp\/v2\/media\/27450"}],"wp:attachment":[{"href":"https:\/\/www.mtess.gov.py\/index.php?rest_route=%2Fwp%2Fv2%2Fmedia&parent=6714"}],"wp:term":[{"taxonomy":"category","embeddable":true,"href":"https:\/\/www.mtess.gov.py\/index.php?rest_route=%2Fwp%2Fv2%2Fcategories&post=6714"},{"taxonomy":"post_tag","embeddable":true,"href":"https:\/\/www.mtess.gov.py\/index.php?rest_route=%2Fwp%2Fv2%2Ftags&post=6714"}],"curies":[{"name":"wp","href":"https:\/\/api.w.org\/{rel}","templated":true}]}}