{"id":6718,"date":"2023-12-01T19:12:00","date_gmt":"2023-12-01T23:12:00","guid":{"rendered":"https:\/\/bi.mtess.gov.py\/v1\/?p=6718"},"modified":"2023-12-01T19:12:00","modified_gmt":"2023-12-01T23:12:00","slug":"oit-resalta-rol-del-ministerio-de-trabajo-en-la-proteccion-de-los-derechos-laborales-al-cumplirse-10-anos-de-su-creacion","status":"publish","type":"post","link":"https:\/\/www.mtess.gov.py\/?p=6718","title":{"rendered":"OIT resalta rol del Ministerio de Trabajo en la protecci\u00f3n de los derechos laborales, al cumplirse 10 a\u00f1os de su creaci\u00f3n"},"content":{"rendered":"<p><span style=\"font-size: 16px\"><span>Recientemente, el presidente de la Rep\u00fablica, Santiago Pe\u00f1a, anunci\u00f3 la incorporaci\u00f3n del MTESS en el Equipo Econ\u00f3mico Nacional, como parte de la estrategia del Gobierno de fomentar el empleo y por su impacto transversal en las decisiones econ\u00f3micas.<\/span><\/span><\/p>\n<p><span style=\"font-size: 16px\"><span>En una d\u00e9cada, la nueva cartera de Estado se enfoc\u00f3 en el fortalecimiento de la institucionalidad, a mejorar la mano de obra calificada a trav\u00e9s de certificaciones laborales, a definir los planes macro de intervenci\u00f3n en temas de empleo y formalizaci\u00f3n laboral y mejorar los niveles de protecci\u00f3n a trav\u00e9s del acceso a la seguridad social. <\/span><\/span><\/p>\n<p><span style=\"font-size: 16px\"><span>El di\u00e1logo social emergi\u00f3 como un pilar esencial en las din\u00e1micas laborales, permitiendo la interacci\u00f3n constructiva entre empleadores, trabajadores y el gobierno. Un logro resaltante en este aspecto es el acuerdo tripartito alcanzado recientemente para avanzar en la reforma del sistema de seguridad social en el pa\u00eds. <\/span><\/span><\/p>\n<p><span style=\"font-size: 16px\"><span>La creaci\u00f3n del MTESS signific\u00f3 de gran aporte para la promoci\u00f3n de la mujer trabajadora y la protecci\u00f3n efectiva de los derechos laborales de las mujeres trabajadoras, en sus distintas dimensiones, con acciones especialmente dirigidas a aquellas que se encuentran en condiciones de vulnerabilidad. Igualmente, se registraron avances significativos en la prevenci\u00f3n del trabajo infantil y el cumplimiento de los derechos laborales de los adolescentes trabajadores.<\/span><\/span><\/p>\n<p><span style=\"font-size: 16px\"><span>Para el fomento el empleo, el MTESS viene fortaleciendo los servicios p\u00fablicos de intermediaci\u00f3n laboral, a fin de unir de manera eficiente la oferta y la demanda de empleos. Actualmente, est\u00e1 en funcionamiento el portal \u00fanico de empleos Emplea Py, de acceso gratuito para todos los ciudadanos, que permite conectar el talento con las oportunidades laborales. <\/span><\/span><\/p>\n<p><span style=\"font-size: 16px\"><span>Fortalecen las pol\u00edticas de inserci\u00f3n laboral la formaci\u00f3n y capacitaci\u00f3n laboral ofrecidas a trav\u00e9s del Servicio Nacional de Promoci\u00f3n Profesional (SNPP), el Sistema Nacional de Formaci\u00f3n y Capacitaci\u00f3n Laboral (Sinafocal) y el Centro de Entramiento del Emprendedor, dependientes de la cartera de Trabajo.<\/span><\/span><\/p>\n","protected":false},"excerpt":{"rendered":"<p>La Oficina de la Organizaci\u00f3n Internacional del Trabajo (OIT) para el Cono Sur de Am\u00e9rica Latina salud\u00f3 al Ministerio de Trabajo, Empleo y Seguridad Social (MTESS) por su d\u00e9cimo aniversario, y resalt\u00f3 el rol de la instituci\u00f3n en lo que respecta a la protecci\u00f3n de los derechos laborales, as\u00ed como para el acceso al empleo y a la seguridad social. \u201cEl MTESS ha tenido un rol crucial en la protecci\u00f3n de derechos laborales, promoci\u00f3n de condiciones de trabajo m\u00e1s justas, m\u00e1s y mejores empleos, formaci\u00f3n y seguridad social\u201d, escribi\u00f3 la organizaci\u00f3n en su red social X (Twitter). El 29 de noviembre de 2013 se cre\u00f3 oficialmente el Ministerio de Trabajo, Empleo y Seguridad Social en Paraguay, independiz\u00e1ndolo del Ministerio de Justicia y Trabajo. Esta medida, respaldada por la Ley N\u00b0 5115, elev\u00f3 la jerarqu\u00eda en las decisiones en los \u00e1mbitos laboral, de empleo y seguridad social.<\/p>\n","protected":false},"author":7,"featured_media":27455,"comment_status":"open","ping_status":"open","sticky":false,"template":"","format":"standard","meta":{"_acf_changed":false,"_uag_custom_page_level_css":"","footnotes":""},"categories":[1],"tags":[],"class_list":["post-6718","post","type-post","status-publish","format-standard","has-post-thumbnail","hentry","category-sin-categoria"],"acf":[],"uagb_featured_image_src":{"full":["https:\/\/www.mtess.gov.py\/wp-content\/uploads\/2023\/12\/Ministerio-de-Trabajo-fachada-20240926-183337.jpg",680,451,false],"thumbnail":["https:\/\/www.mtess.gov.py\/wp-content\/uploads\/2023\/12\/Ministerio-de-Trabajo-fachada-20240926-183337-150x150.jpg",150,150,true],"medium":["https:\/\/www.mtess.gov.py\/wp-content\/uploads\/2023\/12\/Ministerio-de-Trabajo-fachada-20240926-183337-300x199.jpg",300,199,true],"medium_large":["https:\/\/www.mtess.gov.py\/wp-content\/uploads\/2023\/12\/Ministerio-de-Trabajo-fachada-20240926-183337.jpg",680,451,false],"large":["https:\/\/www.mtess.gov.py\/wp-content\/uploads\/2023\/12\/Ministerio-de-Trabajo-fachada-20240926-183337-300x199.jpg",300,199,true],"1536x1536":["https:\/\/www.mtess.gov.py\/wp-content\/uploads\/2023\/12\/Ministerio-de-Trabajo-fachada-20240926-183337.jpg",680,451,false],"2048x2048":["https:\/\/www.mtess.gov.py\/wp-content\/uploads\/2023\/12\/Ministerio-de-Trabajo-fachada-20240926-183337.jpg",680,451,false],"depicter-thumbnail":["https:\/\/www.mtess.gov.py\/wp-content\/uploads\/2023\/12\/Ministerio-de-Trabajo-fachada-20240926-183337.jpg",200,133,false]},"uagb_author_info":{"display_name":"Lucas Santacruz","author_link":"https:\/\/www.mtess.gov.py\/?author=7"},"uagb_comment_info":0,"uagb_excerpt":"La Oficina de la Organizaci\u00f3n Internacional del Trabajo (OIT) para el Cono Sur de Am\u00e9rica Latina salud\u00f3 al Ministerio de Trabajo, Empleo y Seguridad Social (MTESS) por su d\u00e9cimo aniversario, y resalt\u00f3 el rol de la instituci\u00f3n en lo que respecta a la protecci\u00f3n de los derechos laborales, as\u00ed como para el acceso al empleo&hellip;","_links":{"self":[{"href":"https:\/\/www.mtess.gov.py\/index.php?rest_route=\/wp\/v2\/posts\/6718","targetHints":{"allow":["GET"]}}],"collection":[{"href":"https:\/\/www.mtess.gov.py\/index.php?rest_route=\/wp\/v2\/posts"}],"about":[{"href":"https:\/\/www.mtess.gov.py\/index.php?rest_route=\/wp\/v2\/types\/post"}],"author":[{"embeddable":true,"href":"https:\/\/www.mtess.gov.py\/index.php?rest_route=\/wp\/v2\/users\/7"}],"replies":[{"embeddable":true,"href":"https:\/\/www.mtess.gov.py\/index.php?rest_route=%2Fwp%2Fv2%2Fcomments&post=6718"}],"version-history":[{"count":0,"href":"https:\/\/www.mtess.gov.py\/index.php?rest_route=\/wp\/v2\/posts\/6718\/revisions"}],"wp:featuredmedia":[{"embeddable":true,"href":"https:\/\/www.mtess.gov.py\/index.php?rest_route=\/wp\/v2\/media\/27455"}],"wp:attachment":[{"href":"https:\/\/www.mtess.gov.py\/index.php?rest_route=%2Fwp%2Fv2%2Fmedia&parent=6718"}],"wp:term":[{"taxonomy":"category","embeddable":true,"href":"https:\/\/www.mtess.gov.py\/index.php?rest_route=%2Fwp%2Fv2%2Fcategories&post=6718"},{"taxonomy":"post_tag","embeddable":true,"href":"https:\/\/www.mtess.gov.py\/index.php?rest_route=%2Fwp%2Fv2%2Ftags&post=6718"}],"curies":[{"name":"wp","href":"https:\/\/api.w.org\/{rel}","templated":true}]}}