{"id":6720,"date":"2023-12-01T15:27:00","date_gmt":"2023-12-01T19:27:00","guid":{"rendered":"https:\/\/bi.mtess.gov.py\/v1\/?p=6720"},"modified":"2023-12-01T15:27:00","modified_gmt":"2023-12-01T19:27:00","slug":"formacion-dual-y-certificacion-de-competencias-laborales-para-trabajadores-de-la-essap","status":"publish","type":"post","link":"https:\/\/www.mtess.gov.py\/?p=6720","title":{"rendered":"Formaci\u00f3n dual y certificaci\u00f3n de competencias laborales para trabajadores de la Essap"},"content":{"rendered":"<p><span style=\"font-size: 16px\"><span>En una primera etapa se incorporar\u00e1n a 30 j\u00f3venes estudiantes para que cuenten con su primera experiencia laboral en la Essap. Bernal indic\u00f3 que se espera dar paso a una nueva camada de funcionarios capacitados y comprometidos.<\/span><\/span><\/p>\n<p><span style=\"font-size: 16px\"><span>El SNPP y el Sinafocal desarrollar\u00e1n un plan de capacitaciones en formaci\u00f3n profesional y seguridad ocupacional, al luego que la certificaci\u00f3n de competencias de funcionarios y aprendices.<\/span><\/span><\/p>\n<p><span style=\"font-size: 16px\"><span>El modelo de formaci\u00f3n dual es una modalidad de ense\u00f1anza que se basa en un r\u00e9gimen de capacitaci\u00f3n combinada, es decir 70% de pr\u00e1ctica en las empresas y 30% de clases te\u00f3ricas en el Servicio Nacional de Promoci\u00f3n Profesional (SNPP), conforme a un plan curricular. Su duraci\u00f3n es de dos a\u00f1os y los aprendices perciben un salario de las empresas mientras se capacitan.<\/span><\/span><\/p>\n<p><span style=\"font-size: 16px\"><span>El Programa de Formaci\u00f3n Profesional Dual de la cartera de Estado es una estrategia de aprendizaje que es implementado tambi\u00e9n en varios otros pa\u00edses con mucho \u00e9xito y tiene como objeto preparar a los aprendices para su vida profesional, implementando carreras de formaci\u00f3n en profesiones espec\u00edficas, conforme a la demanda del mercado laboral.<\/span><\/span><\/p>\n","protected":false},"excerpt":{"rendered":"<p>El Ministerio de Trabajo, Empleo y Seguridad Social (MTESS) en alianza con la Empresa de Servicios Sanitarios del Paraguay S.A. (ESSAP) brindar\u00e1 formaci\u00f3n dual y certificaci\u00f3n ocupacional de fontaneros en las ciudades de Asunci\u00f3n, Fernando de la Mora, Lambar\u00e9, Luque y Mariano Roque Alonso. Mediante la concreci\u00f3n de un acuerdo de cooperaci\u00f3n entre ambas instituciones, la ESSAP implementar\u00e1 el Programa de Formaci\u00f3n Dual Profesional, donde los estudiantes de carreras t\u00e9cnicas tendr\u00e1n su primera experiencia laboral en la entidad bajo el contrato de aprendiz.<\/p>\n","protected":false},"author":7,"featured_media":27457,"comment_status":"open","ping_status":"open","sticky":false,"template":"","format":"standard","meta":{"_acf_changed":false,"_uag_custom_page_level_css":"","footnotes":""},"categories":[1],"tags":[],"class_list":["post-6720","post","type-post","status-publish","format-standard","has-post-thumbnail","hentry","category-sin-categoria"],"acf":[],"uagb_featured_image_src":{"full":["https:\/\/www.mtess.gov.py\/wp-content\/uploads\/2023\/12\/WhatsApp_Image_2023-12-01_at_15.26.16-7.jpeg",1620,1080,false],"thumbnail":["https:\/\/www.mtess.gov.py\/wp-content\/uploads\/2023\/12\/WhatsApp_Image_2023-12-01_at_15.26.16-7-150x150.jpeg",150,150,true],"medium":["https:\/\/www.mtess.gov.py\/wp-content\/uploads\/2023\/12\/WhatsApp_Image_2023-12-01_at_15.26.16-7-300x200.jpeg",300,200,true],"medium_large":["https:\/\/www.mtess.gov.py\/wp-content\/uploads\/2023\/12\/WhatsApp_Image_2023-12-01_at_15.26.16-7-768x512.jpeg",768,512,true],"large":["https:\/\/www.mtess.gov.py\/wp-content\/uploads\/2023\/12\/WhatsApp_Image_2023-12-01_at_15.26.16-7-300x200.jpeg",300,200,true],"1536x1536":["https:\/\/www.mtess.gov.py\/wp-content\/uploads\/2023\/12\/WhatsApp_Image_2023-12-01_at_15.26.16-7-1536x1024.jpeg",1536,1024,true],"2048x2048":["https:\/\/www.mtess.gov.py\/wp-content\/uploads\/2023\/12\/WhatsApp_Image_2023-12-01_at_15.26.16-7.jpeg",1620,1080,false],"depicter-thumbnail":["https:\/\/www.mtess.gov.py\/wp-content\/uploads\/2023\/12\/WhatsApp_Image_2023-12-01_at_15.26.16-7.jpeg",200,133,false]},"uagb_author_info":{"display_name":"Lucas Santacruz","author_link":"https:\/\/www.mtess.gov.py\/?author=7"},"uagb_comment_info":0,"uagb_excerpt":"El Ministerio de Trabajo, Empleo y Seguridad Social (MTESS) en alianza con la Empresa de Servicios Sanitarios del Paraguay S.A. (ESSAP) brindar\u00e1 formaci\u00f3n dual y certificaci\u00f3n ocupacional de fontaneros en las ciudades de Asunci\u00f3n, Fernando de la Mora, Lambar\u00e9, Luque y Mariano Roque Alonso. Mediante la concreci\u00f3n de un acuerdo de cooperaci\u00f3n entre ambas instituciones,&hellip;","_links":{"self":[{"href":"https:\/\/www.mtess.gov.py\/index.php?rest_route=\/wp\/v2\/posts\/6720","targetHints":{"allow":["GET"]}}],"collection":[{"href":"https:\/\/www.mtess.gov.py\/index.php?rest_route=\/wp\/v2\/posts"}],"about":[{"href":"https:\/\/www.mtess.gov.py\/index.php?rest_route=\/wp\/v2\/types\/post"}],"author":[{"embeddable":true,"href":"https:\/\/www.mtess.gov.py\/index.php?rest_route=\/wp\/v2\/users\/7"}],"replies":[{"embeddable":true,"href":"https:\/\/www.mtess.gov.py\/index.php?rest_route=%2Fwp%2Fv2%2Fcomments&post=6720"}],"version-history":[{"count":0,"href":"https:\/\/www.mtess.gov.py\/index.php?rest_route=\/wp\/v2\/posts\/6720\/revisions"}],"wp:featuredmedia":[{"embeddable":true,"href":"https:\/\/www.mtess.gov.py\/index.php?rest_route=\/wp\/v2\/media\/27457"}],"wp:attachment":[{"href":"https:\/\/www.mtess.gov.py\/index.php?rest_route=%2Fwp%2Fv2%2Fmedia&parent=6720"}],"wp:term":[{"taxonomy":"category","embeddable":true,"href":"https:\/\/www.mtess.gov.py\/index.php?rest_route=%2Fwp%2Fv2%2Fcategories&post=6720"},{"taxonomy":"post_tag","embeddable":true,"href":"https:\/\/www.mtess.gov.py\/index.php?rest_route=%2Fwp%2Fv2%2Ftags&post=6720"}],"curies":[{"name":"wp","href":"https:\/\/api.w.org\/{rel}","templated":true}]}}