{"id":6722,"date":"2023-11-30T14:59:00","date_gmt":"2023-11-30T18:59:00","guid":{"rendered":"https:\/\/bi.mtess.gov.py\/v1\/?p=6722"},"modified":"2023-11-30T14:59:00","modified_gmt":"2023-11-30T18:59:00","slug":"ministerio-de-trabajo-llevo-a-alto-parana-itapua-y-misiones-iniciativas-de-formalizacion-intermediacion-laboral-y-capacitacion","status":"publish","type":"post","link":"https:\/\/www.mtess.gov.py\/?p=6722","title":{"rendered":"Ministerio de Trabajo llev\u00f3 a Alto Paran\u00e1, Itap\u00faa y Misiones iniciativas de formalizaci\u00f3n, intermediaci\u00f3n laboral y capacitaci\u00f3n"},"content":{"rendered":"<p><span style=\"font-size: 14px\"><span>Durante el encuentro, se realiz\u00f3 la promoci\u00f3n del nuevo portal \u00fanico de empleos \u201cEmplea Py\u201d, buscando incrementar la cantidad de personas registradas y para que, al mismo tiempo, las empresas conozcan los beneficios de la interconexi\u00f3n laboral para llenar sus vacancias.  El MTESS tambi\u00e9n inform\u00f3 sobre los mecanismos de incentivos que viene implementando para facilitar el cumplimiento de las obligaciones laborales por parte de los empleadores, a fin de aumentar la cantidad de trabajadores registrados en el seguro social.<\/span><\/span><\/p>\n<p><span style=\"font-size: 14px\"><span>Estas informaciones fueron igualmente socializadas mediante charlas con empresarios, abogados y contadores de Alto Paran\u00e1, a cargo de los responsables de la Direcci\u00f3n General de Empleo y la Direcci\u00f3n de Registro Obrero Patronal de la cartera de Trabajo. Similar actividad se replic\u00f3 en la sede de la Universidad Cat\u00f3lica de Itap\u00faa, en Encarnaci\u00f3n. <\/span><\/span><\/p>\n<p><span style=\"font-size: 14px\"><span>La agenda incluy\u00f3 asimismo visitas por parte de las autoridades del MTESS a industrias de Alto Paran\u00e1 e Itap\u00faa, como el caso de la empresa de autopartes Fujikura, situada en Ciudad del Este, y la arrocera Agrozafra, ubicada en Carmen del Paran\u00e1, para conocer su potencial en generaci\u00f3n de puestos de trabajo e identificar las necesidades de capacitaci\u00f3n y de formalizaci\u00f3n laboral. <\/span><\/span><\/p>\n<p><span style=\"font-size: 14px\"><span>En Encarnaci\u00f3n, la ministra de Trabajo y su equipo mantuvieron una serie de reuniones y encuentros con autoridades locales y gremios de empresarios de la zona con el objetivo de definir acciones conjuntas tendientes a fomentar avances en las pol\u00edticas de formalizaci\u00f3n, generaci\u00f3n de empleos y formaci\u00f3n para el trabajo. Los representantes de la C\u00e1mara de Comercio, Industria y Servicios de Encarnaci\u00f3n celebraron este tipo de acercamiento por parte de las autoridades de la instituci\u00f3n para saber las necesidades de los sectores productivos de la zona. <\/span><\/span><\/p>\n<p><span style=\"font-size: 14px\"><span>  Igualmente, hubo recorridos por las instalaciones del SNPP en Hernandarias, Alto Paran\u00e1, y San Ignacio, Misiones, as\u00ed como por las Direcciones Regionales de Trabajo en estas zonas, con el objetivo de conversar con los directivos, estudiantes e instructores sobre las prioridades de capacitaci\u00f3n y formaci\u00f3n laboral para el 2024.<\/span><\/span><\/p>\n","protected":false},"excerpt":{"rendered":"<p>La implementaci\u00f3n de mecanismos para una mayor formalizaci\u00f3n de los trabajadores, incorporaci\u00f3n de nuevas tecnolog\u00edas para facilitar la conexi\u00f3n entre la oferta y la demanda de empleos y la identificaci\u00f3n de las necesidades de formaci\u00f3n y capacitaci\u00f3n laboral constituyeron los puntos centrales de la agenda desarrollada por las autoridades del Ministerio de Trabajo, Empleo y Seguridad Social (MTESS) en los departamentos de Alto Paran\u00e1, Itap\u00faa y Misiones. Las actividades desarrolladas entre este martes y mi\u00e9rcoles, arrancaron con una reuni\u00f3n entre la ministra de Trabajo, M\u00f3nica Recalde, y el gobernador de Alto Paran\u00e1, C\u00e9sar Torres, con el acompa\u00f1amiento del viceministro de Trabajo, C\u00e9sar Segovia, y el director del Servicio Nacional de Formaci\u00f3n Profesional (SNPP), Jos\u00e9 Cogliolo.<\/p>\n","protected":false},"author":7,"featured_media":27459,"comment_status":"open","ping_status":"open","sticky":false,"template":"","format":"standard","meta":{"_acf_changed":false,"_uag_custom_page_level_css":"","footnotes":""},"categories":[1],"tags":[],"class_list":["post-6722","post","type-post","status-publish","format-standard","has-post-thumbnail","hentry","category-sin-categoria"],"acf":[],"uagb_featured_image_src":{"full":["https:\/\/www.mtess.gov.py\/wp-content\/uploads\/2023\/11\/WhatsApp_Image_2023-11-30_at_14.38.12-7.jpeg",1620,1080,false],"thumbnail":["https:\/\/www.mtess.gov.py\/wp-content\/uploads\/2023\/11\/WhatsApp_Image_2023-11-30_at_14.38.12-7-150x150.jpeg",150,150,true],"medium":["https:\/\/www.mtess.gov.py\/wp-content\/uploads\/2023\/11\/WhatsApp_Image_2023-11-30_at_14.38.12-7-300x200.jpeg",300,200,true],"medium_large":["https:\/\/www.mtess.gov.py\/wp-content\/uploads\/2023\/11\/WhatsApp_Image_2023-11-30_at_14.38.12-7-768x512.jpeg",768,512,true],"large":["https:\/\/www.mtess.gov.py\/wp-content\/uploads\/2023\/11\/WhatsApp_Image_2023-11-30_at_14.38.12-7-300x200.jpeg",300,200,true],"1536x1536":["https:\/\/www.mtess.gov.py\/wp-content\/uploads\/2023\/11\/WhatsApp_Image_2023-11-30_at_14.38.12-7-1536x1024.jpeg",1536,1024,true],"2048x2048":["https:\/\/www.mtess.gov.py\/wp-content\/uploads\/2023\/11\/WhatsApp_Image_2023-11-30_at_14.38.12-7.jpeg",1620,1080,false],"depicter-thumbnail":["https:\/\/www.mtess.gov.py\/wp-content\/uploads\/2023\/11\/WhatsApp_Image_2023-11-30_at_14.38.12-7.jpeg",200,133,false]},"uagb_author_info":{"display_name":"Lucas Santacruz","author_link":"https:\/\/www.mtess.gov.py\/?author=7"},"uagb_comment_info":0,"uagb_excerpt":"La implementaci\u00f3n de mecanismos para una mayor formalizaci\u00f3n de los trabajadores, incorporaci\u00f3n de nuevas tecnolog\u00edas para facilitar la conexi\u00f3n entre la oferta y la demanda de empleos y la identificaci\u00f3n de las necesidades de formaci\u00f3n y capacitaci\u00f3n laboral constituyeron los puntos centrales de la agenda desarrollada por las autoridades del Ministerio de Trabajo, Empleo y&hellip;","_links":{"self":[{"href":"https:\/\/www.mtess.gov.py\/index.php?rest_route=\/wp\/v2\/posts\/6722","targetHints":{"allow":["GET"]}}],"collection":[{"href":"https:\/\/www.mtess.gov.py\/index.php?rest_route=\/wp\/v2\/posts"}],"about":[{"href":"https:\/\/www.mtess.gov.py\/index.php?rest_route=\/wp\/v2\/types\/post"}],"author":[{"embeddable":true,"href":"https:\/\/www.mtess.gov.py\/index.php?rest_route=\/wp\/v2\/users\/7"}],"replies":[{"embeddable":true,"href":"https:\/\/www.mtess.gov.py\/index.php?rest_route=%2Fwp%2Fv2%2Fcomments&post=6722"}],"version-history":[{"count":0,"href":"https:\/\/www.mtess.gov.py\/index.php?rest_route=\/wp\/v2\/posts\/6722\/revisions"}],"wp:featuredmedia":[{"embeddable":true,"href":"https:\/\/www.mtess.gov.py\/index.php?rest_route=\/wp\/v2\/media\/27459"}],"wp:attachment":[{"href":"https:\/\/www.mtess.gov.py\/index.php?rest_route=%2Fwp%2Fv2%2Fmedia&parent=6722"}],"wp:term":[{"taxonomy":"category","embeddable":true,"href":"https:\/\/www.mtess.gov.py\/index.php?rest_route=%2Fwp%2Fv2%2Fcategories&post=6722"},{"taxonomy":"post_tag","embeddable":true,"href":"https:\/\/www.mtess.gov.py\/index.php?rest_route=%2Fwp%2Fv2%2Ftags&post=6722"}],"curies":[{"name":"wp","href":"https:\/\/api.w.org\/{rel}","templated":true}]}}