{"id":6723,"date":"2023-11-29T16:35:00","date_gmt":"2023-11-29T20:35:00","guid":{"rendered":"https:\/\/bi.mtess.gov.py\/v1\/?p=6723"},"modified":"2023-11-29T16:35:00","modified_gmt":"2023-11-29T20:35:00","slug":"feria-de-empleos-llega-a-encarnacion-con-vacancias-enfocadas-a-trabajos-de-verano","status":"publish","type":"post","link":"https:\/\/www.mtess.gov.py\/?p=6723","title":{"rendered":"Feria de empleos llega a Encarnaci\u00f3n con vacancias enfocadas a trabajos de verano"},"content":{"rendered":"<p><span><span style=\"font-size: 18px\">Los interesados en acceder a una de las oportunidades laborales deben registrarse y postularse en el portal \u00fanico de empleos Emplea Py, disponible en <a href=\"https:\/\/emplea.mtess.gov.py.\">https:\/\/emplea.mtess.gov.py.<\/a><\/span><\/span><\/p>\n<p><span><span style=\"font-size: 18px\">La feria tendr\u00e1 lugar en el Turista R\u00f3ga de Encarnaci\u00f3n, situado en Avenida Costanera y Padre Bolik, de 8.30 a 13.00. Las vacancias abarcan una amplia gama de perfiles ocupacionales, aunque resaltan los empleos de verano, tales como mozos, cocineros, nutricionistas, chef, barman, mucamas, entre otros.<\/span><\/span><\/p>\n<p><span><span style=\"font-size: 18px\">Todas las vacancias laborales y los perfiles requeridos est\u00e1n disponibles en el portal Emplea Py, al que se puede acceder con el n\u00famero de c\u00e9dula de identidad. El sistema genera autom\u00e1ticamente una primera contrase\u00f1a que corresponde al d\u00eda,mes y a\u00f1o de nacimiento del usuario. Tambi\u00e9n se puede acceder con la Identidad Electr\u00f3nica, proporcionando las credenciales registradas en la plataforma del MITIC.<\/span><\/span><\/p>\n<p><span><span style=\"font-size: 18px\">La plataforma ofrece igualmente la posibilidad de elaborar de manera f\u00e1cil el curr\u00edculum vitae, que se puede descargar en PDF, con un c\u00f3digo QR, evitando as\u00ed el uso del papel.<\/span><\/span><\/p>\n<p><span><span style=\"font-size: 18px\">El Ministerio de Trabajo fomenta la intermediaci\u00f3n laboral en las principales cabeceras departamentales del pa\u00eds, con el prop\u00f3sito de impulsar el acceso al empleo decente en zonas cercanas a la residencia del trabajador.<\/span><\/span><\/p>\n","protected":false},"excerpt":{"rendered":"<p>Con m\u00e1s de 200 vacancias laborales ofertadas por unas 25 empresas privadas, se realiza este viernes 1 de diciembre en Encarnaci\u00f3n la feria de empleos denominada \u201cEmplea Py en Itap\u00faa\u201d, organizada por el Ministerio de Trabajo, Empleo y Seguridad Social (MTESS) en alianza con la Secretar\u00eda Nacional de Turismo (Senatur).<\/p>\n","protected":false},"author":7,"featured_media":27460,"comment_status":"open","ping_status":"open","sticky":false,"template":"","format":"standard","meta":{"_acf_changed":false,"_uag_custom_page_level_css":"","footnotes":""},"categories":[1],"tags":[],"class_list":["post-6723","post","type-post","status-publish","format-standard","has-post-thumbnail","hentry","category-sin-categoria"],"acf":[],"uagb_featured_image_src":{"full":["https:\/\/www.mtess.gov.py\/wp-content\/uploads\/2023\/11\/WhatsApp_Image_2023-11-30_at_09.14.36-7.jpeg",1600,1066,false],"thumbnail":["https:\/\/www.mtess.gov.py\/wp-content\/uploads\/2023\/11\/WhatsApp_Image_2023-11-30_at_09.14.36-7-150x150.jpeg",150,150,true],"medium":["https:\/\/www.mtess.gov.py\/wp-content\/uploads\/2023\/11\/WhatsApp_Image_2023-11-30_at_09.14.36-7-300x200.jpeg",300,200,true],"medium_large":["https:\/\/www.mtess.gov.py\/wp-content\/uploads\/2023\/11\/WhatsApp_Image_2023-11-30_at_09.14.36-7-768x512.jpeg",768,512,true],"large":["https:\/\/www.mtess.gov.py\/wp-content\/uploads\/2023\/11\/WhatsApp_Image_2023-11-30_at_09.14.36-7-300x200.jpeg",300,200,true],"1536x1536":["https:\/\/www.mtess.gov.py\/wp-content\/uploads\/2023\/11\/WhatsApp_Image_2023-11-30_at_09.14.36-7-1536x1023.jpeg",1536,1023,true],"2048x2048":["https:\/\/www.mtess.gov.py\/wp-content\/uploads\/2023\/11\/WhatsApp_Image_2023-11-30_at_09.14.36-7.jpeg",1600,1066,false],"depicter-thumbnail":["https:\/\/www.mtess.gov.py\/wp-content\/uploads\/2023\/11\/WhatsApp_Image_2023-11-30_at_09.14.36-7.jpeg",200,133,false]},"uagb_author_info":{"display_name":"Lucas Santacruz","author_link":"https:\/\/www.mtess.gov.py\/?author=7"},"uagb_comment_info":0,"uagb_excerpt":"Con m\u00e1s de 200 vacancias laborales ofertadas por unas 25 empresas privadas, se realiza este viernes 1 de diciembre en Encarnaci\u00f3n la feria de empleos denominada \u201cEmplea Py en Itap\u00faa\u201d, organizada por el Ministerio de Trabajo, Empleo y Seguridad Social (MTESS) en alianza con la Secretar\u00eda Nacional de Turismo (Senatur).","_links":{"self":[{"href":"https:\/\/www.mtess.gov.py\/index.php?rest_route=\/wp\/v2\/posts\/6723","targetHints":{"allow":["GET"]}}],"collection":[{"href":"https:\/\/www.mtess.gov.py\/index.php?rest_route=\/wp\/v2\/posts"}],"about":[{"href":"https:\/\/www.mtess.gov.py\/index.php?rest_route=\/wp\/v2\/types\/post"}],"author":[{"embeddable":true,"href":"https:\/\/www.mtess.gov.py\/index.php?rest_route=\/wp\/v2\/users\/7"}],"replies":[{"embeddable":true,"href":"https:\/\/www.mtess.gov.py\/index.php?rest_route=%2Fwp%2Fv2%2Fcomments&post=6723"}],"version-history":[{"count":0,"href":"https:\/\/www.mtess.gov.py\/index.php?rest_route=\/wp\/v2\/posts\/6723\/revisions"}],"wp:featuredmedia":[{"embeddable":true,"href":"https:\/\/www.mtess.gov.py\/index.php?rest_route=\/wp\/v2\/media\/27460"}],"wp:attachment":[{"href":"https:\/\/www.mtess.gov.py\/index.php?rest_route=%2Fwp%2Fv2%2Fmedia&parent=6723"}],"wp:term":[{"taxonomy":"category","embeddable":true,"href":"https:\/\/www.mtess.gov.py\/index.php?rest_route=%2Fwp%2Fv2%2Fcategories&post=6723"},{"taxonomy":"post_tag","embeddable":true,"href":"https:\/\/www.mtess.gov.py\/index.php?rest_route=%2Fwp%2Fv2%2Ftags&post=6723"}],"curies":[{"name":"wp","href":"https:\/\/api.w.org\/{rel}","templated":true}]}}