{"id":6726,"date":"2023-11-27T17:00:00","date_gmt":"2023-11-27T21:00:00","guid":{"rendered":"https:\/\/bi.mtess.gov.py\/v1\/?p=6726"},"modified":"2023-11-27T17:00:00","modified_gmt":"2023-11-27T21:00:00","slug":"ministerio-de-trabajo-y-el-mic-analizan-ajustes-al-proyecto-que-regula-plataformas-digitales","status":"publish","type":"post","link":"https:\/\/www.mtess.gov.py\/?p=6726","title":{"rendered":"Ministerio de Trabajo y el MIC analizan ajustes al proyecto que regula plataformas digitales"},"content":{"rendered":"<p><span style=\"font-size: 16px\"><span>Uno de los puntos analizados es la naturaleza jur\u00eddica que mejor puede definir la relaci\u00f3n laboral entre las empresas propietarias de las plataformas y los conductores que ofrecen sus servicios log\u00edsticos a trav\u00e9s de las mismas. Se baraja la posibilidad de proponer una naturaleza jur\u00eddica h\u00edbrida, que combine aspectos de relaci\u00f3n de dependencia con principios de independencia. <\/span><\/span><\/p>\n<p><span style=\"font-size: 16px\"><span>Asimismo, se analiz\u00f3 el punto relacionado con el seguro social que se adecue a la realidad del sector, tanto en lo que respecta a los servicios de salud como a los derechos de la jubilaci\u00f3n. Se reconoce la ineludible necesidad de una cobertura de salud atendiendo los riesgos de accidentabilidad que conlleva el servicio.<\/span><\/span><\/p>\n<p><span style=\"font-size: 16px\"><span>Igualmente, las instituciones del Ejecutivo se enfocan en la importancia de establecer con claridad las reglas tributarias, as\u00ed como la bancarizaci\u00f3n de las personas que brindan sus servicios a trav\u00e9s de las plataformas. <\/span><\/span><\/p>\n<p><span style=\"font-size: 16px\"><span>El proyecto de ley \u201cQue regula el trabajo en empresas de plataformas digitales de movilidad y reparto a domicilio\u201d es una iniciativa parlamentaria que se encuentra actualmente en estudio en la C\u00e1mara de Diputados.<\/span><\/span><\/p>\n","protected":false},"excerpt":{"rendered":"<p>Para coordinar y estructurar los ajustes que pudiera requerir el proyecto de ley que regula los servicios en empresas de plataformas digitales de movilidad y reparto a domicilio, se reunieron este lunes 27 de noviembre la ministra de Trabajo, M\u00f3nica Recalde, y el viceministro de Mipymes del Ministerio de Industria y Comercio (MIC), Gustavo Gim\u00e9nez.<\/p>\n","protected":false},"author":7,"featured_media":27463,"comment_status":"open","ping_status":"open","sticky":false,"template":"","format":"standard","meta":{"_acf_changed":false,"_uag_custom_page_level_css":"","footnotes":""},"categories":[1],"tags":[],"class_list":["post-6726","post","type-post","status-publish","format-standard","has-post-thumbnail","hentry","category-sin-categoria"],"acf":[],"uagb_featured_image_src":{"full":["https:\/\/www.mtess.gov.py\/wp-content\/uploads\/2023\/11\/WhatsApp_Image_2023-11-27_at_17.39.31_2-7.jpeg",1280,853,false],"thumbnail":["https:\/\/www.mtess.gov.py\/wp-content\/uploads\/2023\/11\/WhatsApp_Image_2023-11-27_at_17.39.31_2-7-150x150.jpeg",150,150,true],"medium":["https:\/\/www.mtess.gov.py\/wp-content\/uploads\/2023\/11\/WhatsApp_Image_2023-11-27_at_17.39.31_2-7-300x200.jpeg",300,200,true],"medium_large":["https:\/\/www.mtess.gov.py\/wp-content\/uploads\/2023\/11\/WhatsApp_Image_2023-11-27_at_17.39.31_2-7-768x512.jpeg",768,512,true],"large":["https:\/\/www.mtess.gov.py\/wp-content\/uploads\/2023\/11\/WhatsApp_Image_2023-11-27_at_17.39.31_2-7-300x200.jpeg",300,200,true],"1536x1536":["https:\/\/www.mtess.gov.py\/wp-content\/uploads\/2023\/11\/WhatsApp_Image_2023-11-27_at_17.39.31_2-7.jpeg",1280,853,false],"2048x2048":["https:\/\/www.mtess.gov.py\/wp-content\/uploads\/2023\/11\/WhatsApp_Image_2023-11-27_at_17.39.31_2-7.jpeg",1280,853,false],"depicter-thumbnail":["https:\/\/www.mtess.gov.py\/wp-content\/uploads\/2023\/11\/WhatsApp_Image_2023-11-27_at_17.39.31_2-7.jpeg",200,133,false]},"uagb_author_info":{"display_name":"Lucas Santacruz","author_link":"https:\/\/www.mtess.gov.py\/?author=7"},"uagb_comment_info":0,"uagb_excerpt":"Para coordinar y estructurar los ajustes que pudiera requerir el proyecto de ley que regula los servicios en empresas de plataformas digitales de movilidad y reparto a domicilio, se reunieron este lunes 27 de noviembre la ministra de Trabajo, M\u00f3nica Recalde, y el viceministro de Mipymes del Ministerio de Industria y Comercio (MIC), Gustavo Gim\u00e9nez.","_links":{"self":[{"href":"https:\/\/www.mtess.gov.py\/index.php?rest_route=\/wp\/v2\/posts\/6726","targetHints":{"allow":["GET"]}}],"collection":[{"href":"https:\/\/www.mtess.gov.py\/index.php?rest_route=\/wp\/v2\/posts"}],"about":[{"href":"https:\/\/www.mtess.gov.py\/index.php?rest_route=\/wp\/v2\/types\/post"}],"author":[{"embeddable":true,"href":"https:\/\/www.mtess.gov.py\/index.php?rest_route=\/wp\/v2\/users\/7"}],"replies":[{"embeddable":true,"href":"https:\/\/www.mtess.gov.py\/index.php?rest_route=%2Fwp%2Fv2%2Fcomments&post=6726"}],"version-history":[{"count":0,"href":"https:\/\/www.mtess.gov.py\/index.php?rest_route=\/wp\/v2\/posts\/6726\/revisions"}],"wp:featuredmedia":[{"embeddable":true,"href":"https:\/\/www.mtess.gov.py\/index.php?rest_route=\/wp\/v2\/media\/27463"}],"wp:attachment":[{"href":"https:\/\/www.mtess.gov.py\/index.php?rest_route=%2Fwp%2Fv2%2Fmedia&parent=6726"}],"wp:term":[{"taxonomy":"category","embeddable":true,"href":"https:\/\/www.mtess.gov.py\/index.php?rest_route=%2Fwp%2Fv2%2Fcategories&post=6726"},{"taxonomy":"post_tag","embeddable":true,"href":"https:\/\/www.mtess.gov.py\/index.php?rest_route=%2Fwp%2Fv2%2Ftags&post=6726"}],"curies":[{"name":"wp","href":"https:\/\/api.w.org\/{rel}","templated":true}]}}