{"id":6727,"date":"2023-11-27T16:02:00","date_gmt":"2023-11-27T20:02:00","guid":{"rendered":"https:\/\/bi.mtess.gov.py\/v1\/?p=6727"},"modified":"2023-11-27T16:02:00","modified_gmt":"2023-11-27T20:02:00","slug":"dialogo-con-los-sindicatos-de-enfermeros-sobre-proyecto-de-superintendencia-de-pensiones-y-jubilaciones","status":"publish","type":"post","link":"https:\/\/www.mtess.gov.py\/?p=6727","title":{"rendered":"Di\u00e1logo con los sindicatos de enfermeros sobre proyecto de Superintendencia de Pensiones y Jubilaciones"},"content":{"rendered":"<p><span style=\"font-size: 16px\"><span>Fue durante una reuni\u00f3n realizada este lunes 27 de noviembre en el Ministerio de Trabajo, con presencia de la viceministra de Empleo y Seguridad Social, Ver\u00f3nica L\u00f3pez; el director de Estudios Econ\u00f3micos del Ministerio de Econom\u00eda, Juan Jos\u00e9 Galeano, y representantes de la Asociaci\u00f3n Paraguaya de Enfermer\u00eda; de la Federaci\u00f3n Nacional de Enfermer\u00eda y la Asociaci\u00f3n de Sindicatos de Enfermer\u00eda del Instituto de Previsi\u00f3n Social.<\/span><\/span><\/p>\n<p><span style=\"font-size: 16px\"><span>Los trabajadores expresaron estar a favor de que se establezcan instancias de regulaci\u00f3n y control de los fondos jubilatorios, aunque solicitaron sumarse al espacio de di\u00e1logo entre el Ejecutivo y el Legislativo sobre el proyecto de ley, acercando su parecer jur\u00eddico al respecto. Desde el Gobierno, se dej\u00f3 en claro los derechos jubilatorios de los trabajadores permanecen intactos en el nuevo proyecto.<\/span><\/span><\/p>\n","protected":false},"excerpt":{"rendered":"<p>Sindicatos de trabajadores de enfermer\u00eda entablaron di\u00e1logo con el Gobierno Nacional, representado por los ministerios de Trabajo, Empleo y Seguridad Social y de Econom\u00eda, sobre los alcances del proyecto de ley de creaci\u00f3n de la Superintendencia de Pensiones y Jubilaciones que se remiti\u00f3 al Congreso Nacional, de manera consensuada con los trabajadores, empresarios y jubilados.<\/p>\n","protected":false},"author":7,"featured_media":27462,"comment_status":"open","ping_status":"open","sticky":false,"template":"","format":"standard","meta":{"_acf_changed":false,"_uag_custom_page_level_css":"","footnotes":""},"categories":[1],"tags":[],"class_list":["post-6727","post","type-post","status-publish","format-standard","has-post-thumbnail","hentry","category-sin-categoria"],"acf":[],"uagb_featured_image_src":{"full":["https:\/\/www.mtess.gov.py\/wp-content\/uploads\/2023\/11\/WhatsApp_Image_2023-11-27_at_12.10.45-7.jpeg",1280,853,false],"thumbnail":["https:\/\/www.mtess.gov.py\/wp-content\/uploads\/2023\/11\/WhatsApp_Image_2023-11-27_at_12.10.45-7-150x150.jpeg",150,150,true],"medium":["https:\/\/www.mtess.gov.py\/wp-content\/uploads\/2023\/11\/WhatsApp_Image_2023-11-27_at_12.10.45-7-300x200.jpeg",300,200,true],"medium_large":["https:\/\/www.mtess.gov.py\/wp-content\/uploads\/2023\/11\/WhatsApp_Image_2023-11-27_at_12.10.45-7-768x512.jpeg",768,512,true],"large":["https:\/\/www.mtess.gov.py\/wp-content\/uploads\/2023\/11\/WhatsApp_Image_2023-11-27_at_12.10.45-7-300x200.jpeg",300,200,true],"1536x1536":["https:\/\/www.mtess.gov.py\/wp-content\/uploads\/2023\/11\/WhatsApp_Image_2023-11-27_at_12.10.45-7.jpeg",1280,853,false],"2048x2048":["https:\/\/www.mtess.gov.py\/wp-content\/uploads\/2023\/11\/WhatsApp_Image_2023-11-27_at_12.10.45-7.jpeg",1280,853,false],"depicter-thumbnail":["https:\/\/www.mtess.gov.py\/wp-content\/uploads\/2023\/11\/WhatsApp_Image_2023-11-27_at_12.10.45-7.jpeg",200,133,false]},"uagb_author_info":{"display_name":"Lucas Santacruz","author_link":"https:\/\/www.mtess.gov.py\/?author=7"},"uagb_comment_info":0,"uagb_excerpt":"Sindicatos de trabajadores de enfermer\u00eda entablaron di\u00e1logo con el Gobierno Nacional, representado por los ministerios de Trabajo, Empleo y Seguridad Social y de Econom\u00eda, sobre los alcances del proyecto de ley de creaci\u00f3n de la Superintendencia de Pensiones y Jubilaciones que se remiti\u00f3 al Congreso Nacional, de manera consensuada con los trabajadores, empresarios y jubilados.","_links":{"self":[{"href":"https:\/\/www.mtess.gov.py\/index.php?rest_route=\/wp\/v2\/posts\/6727","targetHints":{"allow":["GET"]}}],"collection":[{"href":"https:\/\/www.mtess.gov.py\/index.php?rest_route=\/wp\/v2\/posts"}],"about":[{"href":"https:\/\/www.mtess.gov.py\/index.php?rest_route=\/wp\/v2\/types\/post"}],"author":[{"embeddable":true,"href":"https:\/\/www.mtess.gov.py\/index.php?rest_route=\/wp\/v2\/users\/7"}],"replies":[{"embeddable":true,"href":"https:\/\/www.mtess.gov.py\/index.php?rest_route=%2Fwp%2Fv2%2Fcomments&post=6727"}],"version-history":[{"count":0,"href":"https:\/\/www.mtess.gov.py\/index.php?rest_route=\/wp\/v2\/posts\/6727\/revisions"}],"wp:featuredmedia":[{"embeddable":true,"href":"https:\/\/www.mtess.gov.py\/index.php?rest_route=\/wp\/v2\/media\/27462"}],"wp:attachment":[{"href":"https:\/\/www.mtess.gov.py\/index.php?rest_route=%2Fwp%2Fv2%2Fmedia&parent=6727"}],"wp:term":[{"taxonomy":"category","embeddable":true,"href":"https:\/\/www.mtess.gov.py\/index.php?rest_route=%2Fwp%2Fv2%2Fcategories&post=6727"},{"taxonomy":"post_tag","embeddable":true,"href":"https:\/\/www.mtess.gov.py\/index.php?rest_route=%2Fwp%2Fv2%2Ftags&post=6727"}],"curies":[{"name":"wp","href":"https:\/\/api.w.org\/{rel}","templated":true}]}}