{"id":6832,"date":"2023-08-31T13:03:00","date_gmt":"2023-08-31T17:03:00","guid":{"rendered":"https:\/\/bi.mtess.gov.py\/v1\/?p=6832"},"modified":"2023-08-31T13:03:00","modified_gmt":"2023-08-31T17:03:00","slug":"ministerio-de-trabajo-realizara-manana-jornada-de-certificacion-ocupacional-en-la-sede-del-snpp","status":"publish","type":"post","link":"https:\/\/www.mtess.gov.py\/?p=6832","title":{"rendered":"Ministerio de Trabajo realizar\u00e1 ma\u00f1ana jornada de certificaci\u00f3n ocupacional en la sede del SNPP"},"content":{"rendered":"<p style=\"text-align: justify\"><span style=\"font-size: 16px\">Los trabajadores que quieran<br \/>\nparticipar de la certificaci\u00f3n ocupacional deben acreditar mediante<br \/>\nun certificado laboral (o estar trabajando en obra) el ejercicio de<br \/>\nuna profesi\u00f3n por m\u00e1s de 5 a\u00f1os, tiempo en que adquirieron<br \/>\nconocimientos y destrezas sin haber participado de alg\u00fan curso.<br \/>\nDurante la jornada ser\u00e1n evaluados en la parte te\u00f3rica, con<br \/>\ndemostraci\u00f3n pr\u00e1ctica del trabajo que vienen realizando.<\/span><\/p>\n<p style=\"text-align: justify\"><span style=\"font-size: 16px\">La<br \/>\ncertificaci\u00f3n ocupacional que brinda el Ministerio de Trabajo es el<br \/>\nreconocimiento oficial de las calificaciones ocupacionales de un<br \/>\ntrabajador, donde se certifica sus conocimientos tecnol\u00f3gicos y las<br \/>\ndestrezas adquiridas a trav\u00e9s de la experiencia laboral o por el<br \/>\nejercicio de una ocupaci\u00f3n con o sin formaci\u00f3n formal<br \/>\nprevia.<\/span><\/p>\n<p style=\"text-align: justify\"><span style=\"font-size: 16px\">Durante la jornada ser\u00e1n certificadas las<br \/>\nocupaciones de las \u00e1reas de construcci\u00f3n, electricidad,<br \/>\nelectr\u00f3nica, refrigeraci\u00f3n, gastronom\u00eda, mec\u00e1nica de motores,<br \/>\nmetalmec\u00e1nica, transporte y log\u00edstica, textil y confecci\u00f3n, artes<br \/>\ngr\u00e1ficas, belleza y est\u00e9tica, agropecuaria, servicios<br \/>\nsocioculturales y de arte y artesan\u00eda.<\/span><\/p>\n<p style=\"text-align: justify\"><span style=\"font-size: 16px\">Entre los oficios<br \/>\nque ser\u00e1n evaluados figuran armador de hierros para estructura de<br \/>\nhormig\u00f3n, ayudante alba\u00f1il, carpintero de obra, carpintero taller,<br \/>\nimpermeabilizaci\u00f3n, maestro de obra, oficial alba\u00f1il, pintor de<br \/>\nobras, top\u00f3grafo, auxiliar electricista, instalador electricista<br \/>\ndomiciliario, mantenimiento y reparaci\u00f3n de equipos de<br \/>\nrefrigeraci\u00f3n, cocinero, panadero y mozo de sal\u00f3n.<\/span><\/p>\n<p style=\"text-align: justify\"><span style=\"font-size: 16px\">Asimismo,<br \/>\nelectricista del autom\u00f3vil, mec\u00e1nico automotriz, mec\u00e1nico de<br \/>\nmotocicletas, pintor del autom\u00f3vil, herrero de obras, soldador por<br \/>\narco el\u00e9ctrico, soldador por el proceso MAG-MIG, soldador por el<br \/>\nproceso TIG, tornero metal\u00fargico, seguridad industrial, conductor de<br \/>\nveh\u00edculos, conductor profesional, operador de gr\u00faas torre, operador<br \/>\nde montacarga, tractorista agr\u00edcola, operador b\u00e1sico de pala<br \/>\ncargadora, operador b\u00e1sico de retroexcavadora, operador b\u00e1sico de<br \/>\nmotoniveladora, chapista del autom\u00f3vil, manejo de m\u00e1quina de coser,<br \/>\nconfeccionista de prendas de vestir, peluquer\u00eda unisex y auxiliar<br \/>\npeluquero, entre varios otros.<\/span><\/p>\n","protected":false},"excerpt":{"rendered":"<p>El Ministerio de Trabajo, Empleo y Seguridad Social (MTESS) realizar\u00e1 ma\u00f1ana viernes una jornada de certificaci\u00f3n ocupacional a trav\u00e9s del Servicio Nacional de Promoci\u00f3n Profesional (SNPP), en la sede de la instituci\u00f3n situada en la avenida Molas L\u00f3pez casi Aviadores del Chaco, Asunci\u00f3n. Trabajadores con conocimientos emp\u00edricos de m\u00e1s de 50 oficios podr\u00e1n participar de esta actividad que se iniciar\u00e1 a las 8:00 y se extender\u00e1 hasta las 16:00.<\/p>\n","protected":false},"author":7,"featured_media":27564,"comment_status":"open","ping_status":"open","sticky":false,"template":"","format":"standard","meta":{"_acf_changed":false,"_uag_custom_page_level_css":"","footnotes":""},"categories":[1],"tags":[],"class_list":["post-6832","post","type-post","status-publish","format-standard","has-post-thumbnail","hentry","category-sin-categoria"],"acf":[],"uagb_featured_image_src":{"full":["https:\/\/www.mtess.gov.py\/wp-content\/uploads\/2023\/08\/Certificacion_ocupacional_archivo-20240926-183447.jpg",1280,850,false],"thumbnail":["https:\/\/www.mtess.gov.py\/wp-content\/uploads\/2023\/08\/Certificacion_ocupacional_archivo-20240926-183447-150x150.jpg",150,150,true],"medium":["https:\/\/www.mtess.gov.py\/wp-content\/uploads\/2023\/08\/Certificacion_ocupacional_archivo-20240926-183447-300x199.jpg",300,199,true],"medium_large":["https:\/\/www.mtess.gov.py\/wp-content\/uploads\/2023\/08\/Certificacion_ocupacional_archivo-20240926-183447-768x510.jpg",768,510,true],"large":["https:\/\/www.mtess.gov.py\/wp-content\/uploads\/2023\/08\/Certificacion_ocupacional_archivo-20240926-183447-300x199.jpg",300,199,true],"1536x1536":["https:\/\/www.mtess.gov.py\/wp-content\/uploads\/2023\/08\/Certificacion_ocupacional_archivo-20240926-183447.jpg",1280,850,false],"2048x2048":["https:\/\/www.mtess.gov.py\/wp-content\/uploads\/2023\/08\/Certificacion_ocupacional_archivo-20240926-183447.jpg",1280,850,false],"depicter-thumbnail":["https:\/\/www.mtess.gov.py\/wp-content\/uploads\/2023\/08\/Certificacion_ocupacional_archivo-20240926-183447.jpg",200,133,false]},"uagb_author_info":{"display_name":"Lucas Santacruz","author_link":"https:\/\/www.mtess.gov.py\/?author=7"},"uagb_comment_info":0,"uagb_excerpt":"El Ministerio de Trabajo, Empleo y Seguridad Social (MTESS) realizar\u00e1 ma\u00f1ana viernes una jornada de certificaci\u00f3n ocupacional a trav\u00e9s del Servicio Nacional de Promoci\u00f3n Profesional (SNPP), en la sede de la instituci\u00f3n situada en la avenida Molas L\u00f3pez casi Aviadores del Chaco, Asunci\u00f3n. Trabajadores con conocimientos emp\u00edricos de m\u00e1s de 50 oficios podr\u00e1n participar de&hellip;","_links":{"self":[{"href":"https:\/\/www.mtess.gov.py\/index.php?rest_route=\/wp\/v2\/posts\/6832","targetHints":{"allow":["GET"]}}],"collection":[{"href":"https:\/\/www.mtess.gov.py\/index.php?rest_route=\/wp\/v2\/posts"}],"about":[{"href":"https:\/\/www.mtess.gov.py\/index.php?rest_route=\/wp\/v2\/types\/post"}],"author":[{"embeddable":true,"href":"https:\/\/www.mtess.gov.py\/index.php?rest_route=\/wp\/v2\/users\/7"}],"replies":[{"embeddable":true,"href":"https:\/\/www.mtess.gov.py\/index.php?rest_route=%2Fwp%2Fv2%2Fcomments&post=6832"}],"version-history":[{"count":0,"href":"https:\/\/www.mtess.gov.py\/index.php?rest_route=\/wp\/v2\/posts\/6832\/revisions"}],"wp:featuredmedia":[{"embeddable":true,"href":"https:\/\/www.mtess.gov.py\/index.php?rest_route=\/wp\/v2\/media\/27564"}],"wp:attachment":[{"href":"https:\/\/www.mtess.gov.py\/index.php?rest_route=%2Fwp%2Fv2%2Fmedia&parent=6832"}],"wp:term":[{"taxonomy":"category","embeddable":true,"href":"https:\/\/www.mtess.gov.py\/index.php?rest_route=%2Fwp%2Fv2%2Fcategories&post=6832"},{"taxonomy":"post_tag","embeddable":true,"href":"https:\/\/www.mtess.gov.py\/index.php?rest_route=%2Fwp%2Fv2%2Ftags&post=6832"}],"curies":[{"name":"wp","href":"https:\/\/api.w.org\/{rel}","templated":true}]}}