{"id":6834,"date":"2023-08-30T12:08:00","date_gmt":"2023-08-30T16:08:00","guid":{"rendered":"https:\/\/bi.mtess.gov.py\/v1\/?p=6834"},"modified":"2025-12-19T11:26:38","modified_gmt":"2025-12-19T14:26:38","slug":"organo-rector-del-sinafocal-mantuvo-su-primera-reunion-y-delineo-actividades","status":"publish","type":"post","link":"https:\/\/www.mtess.gov.py\/?p=6834","title":{"rendered":"\u00d3rgano Rector del Sinafocal mantuvo su primera reuni\u00f3n y deline\u00f3 actividades"},"content":{"rendered":"<p>El \u00d3rgano Rector del Sistema Nacional de Formaci\u00f3n y Capacitaci\u00f3n Laboral (Sinafocal), ente dependiente del Ministerio de Trabajo, Empleo y Seguridad Social (MTESS), mantuvo su primera reuni\u00f3n este martes 29. En la ocasi\u00f3n fue presentada la ministra de Trabajo, M\u00f3nica Recalde De Giacomi, como presidenta del \u00d3rgano Rector y se delinearon las actividades que se desarrollar\u00e1n a corto, mediano y largo plazo.<\/p>\n<p>De la reuni\u00f3n participaron el viceministro de Trabajo, C\u00e9sar Segovia; el secretario t\u00e9cnico de Sinafocal, Alfredo Mongelos; as\u00ed como representantes de centrales obreras, directivos de gremios empresariales y autoridades de la Organizaci\u00f3n Paraguaya de Cooperaci\u00f3n Intermunicipal (Opaci).<\/p>\n<p>Mongel\u00f3s explic\u00f3 que el \u00d3rgano Rector es la m\u00e1xima autoridad del Sinafocal y que en la ocasi\u00f3n se habl\u00f3 de la pol\u00edtica de capacitaci\u00f3n que se va a llevar a cabo durante los pr\u00f3ximos cinco a\u00f1os. Se\u00f1alo que el \u00d3rgano Rector es el encargado de establecer la pol\u00edtica y planificaci\u00f3n de la formaci\u00f3n a nivel nacional y la supervisi\u00f3n de los cursos.<\/p>\n<p>Durante el encuentro la ministra de Trabajo manifest\u00f3 su predisposici\u00f3n para mantener un di\u00e1logo constante y abierto con los miembros del \u00d3rgano Rector mediante reuniones peri\u00f3dicas, de modo a garantizar transparencia en los procesos de formaci\u00f3n y capacitaci\u00f3n laboral.<\/p>\n","protected":false},"excerpt":{"rendered":"<p>El \u00d3rgano Rector del Sistema Nacional de Formaci\u00f3n y Capacitaci\u00f3n Laboral (Sinafocal), ente dependiente del Ministerio de Trabajo, Empleo y Seguridad Social (MTESS), mantuvo su primera reuni\u00f3n este martes 29. En la ocasi\u00f3n fue presentada la ministra de Trabajo, M\u00f3nica Recalde De Giacomi, como presidenta del \u00d3rgano Rector y se delinearon las actividades que se desarrollar\u00e1n a corto, mediano y largo plazo.<\/p>\n","protected":false},"author":7,"featured_media":27566,"comment_status":"open","ping_status":"open","sticky":false,"template":"","format":"standard","meta":{"_acf_changed":false,"_uag_custom_page_level_css":"","footnotes":""},"categories":[1],"tags":[],"class_list":["post-6834","post","type-post","status-publish","format-standard","has-post-thumbnail","hentry","category-sin-categoria"],"acf":[],"uagb_featured_image_src":{"full":["https:\/\/www.mtess.gov.py\/wp-content\/uploads\/2023\/08\/Reunion_del_Organo_Rector_del_Sinafocal_29-08-23-20240926-183448.jpg",1600,1067,false],"thumbnail":["https:\/\/www.mtess.gov.py\/wp-content\/uploads\/2023\/08\/Reunion_del_Organo_Rector_del_Sinafocal_29-08-23-20240926-183448-150x150.jpg",150,150,true],"medium":["https:\/\/www.mtess.gov.py\/wp-content\/uploads\/2023\/08\/Reunion_del_Organo_Rector_del_Sinafocal_29-08-23-20240926-183448-300x200.jpg",300,200,true],"medium_large":["https:\/\/www.mtess.gov.py\/wp-content\/uploads\/2023\/08\/Reunion_del_Organo_Rector_del_Sinafocal_29-08-23-20240926-183448-768x512.jpg",768,512,true],"large":["https:\/\/www.mtess.gov.py\/wp-content\/uploads\/2023\/08\/Reunion_del_Organo_Rector_del_Sinafocal_29-08-23-20240926-183448-300x200.jpg",300,200,true],"1536x1536":["https:\/\/www.mtess.gov.py\/wp-content\/uploads\/2023\/08\/Reunion_del_Organo_Rector_del_Sinafocal_29-08-23-20240926-183448-1536x1024.jpg",1536,1024,true],"2048x2048":["https:\/\/www.mtess.gov.py\/wp-content\/uploads\/2023\/08\/Reunion_del_Organo_Rector_del_Sinafocal_29-08-23-20240926-183448.jpg",1600,1067,false],"depicter-thumbnail":["https:\/\/www.mtess.gov.py\/wp-content\/uploads\/2023\/08\/Reunion_del_Organo_Rector_del_Sinafocal_29-08-23-20240926-183448.jpg",200,133,false]},"uagb_author_info":{"display_name":"Lucas Santacruz","author_link":"https:\/\/www.mtess.gov.py\/?author=7"},"uagb_comment_info":0,"uagb_excerpt":"El \u00d3rgano Rector del Sistema Nacional de Formaci\u00f3n y Capacitaci\u00f3n Laboral (Sinafocal), ente dependiente del Ministerio de Trabajo, Empleo y Seguridad Social (MTESS), mantuvo su primera reuni\u00f3n este martes 29. En la ocasi\u00f3n fue presentada la ministra de Trabajo, M\u00f3nica Recalde De Giacomi, como presidenta del \u00d3rgano Rector y se delinearon las actividades que se&hellip;","_links":{"self":[{"href":"https:\/\/www.mtess.gov.py\/index.php?rest_route=\/wp\/v2\/posts\/6834","targetHints":{"allow":["GET"]}}],"collection":[{"href":"https:\/\/www.mtess.gov.py\/index.php?rest_route=\/wp\/v2\/posts"}],"about":[{"href":"https:\/\/www.mtess.gov.py\/index.php?rest_route=\/wp\/v2\/types\/post"}],"author":[{"embeddable":true,"href":"https:\/\/www.mtess.gov.py\/index.php?rest_route=\/wp\/v2\/users\/7"}],"replies":[{"embeddable":true,"href":"https:\/\/www.mtess.gov.py\/index.php?rest_route=%2Fwp%2Fv2%2Fcomments&post=6834"}],"version-history":[{"count":1,"href":"https:\/\/www.mtess.gov.py\/index.php?rest_route=\/wp\/v2\/posts\/6834\/revisions"}],"predecessor-version":[{"id":34433,"href":"https:\/\/www.mtess.gov.py\/index.php?rest_route=\/wp\/v2\/posts\/6834\/revisions\/34433"}],"wp:featuredmedia":[{"embeddable":true,"href":"https:\/\/www.mtess.gov.py\/index.php?rest_route=\/wp\/v2\/media\/27566"}],"wp:attachment":[{"href":"https:\/\/www.mtess.gov.py\/index.php?rest_route=%2Fwp%2Fv2%2Fmedia&parent=6834"}],"wp:term":[{"taxonomy":"category","embeddable":true,"href":"https:\/\/www.mtess.gov.py\/index.php?rest_route=%2Fwp%2Fv2%2Fcategories&post=6834"},{"taxonomy":"post_tag","embeddable":true,"href":"https:\/\/www.mtess.gov.py\/index.php?rest_route=%2Fwp%2Fv2%2Ftags&post=6834"}],"curies":[{"name":"wp","href":"https:\/\/api.w.org\/{rel}","templated":true}]}}