{"id":6837,"date":"2023-08-29T13:40:00","date_gmt":"2023-08-29T17:40:00","guid":{"rendered":"https:\/\/bi.mtess.gov.py\/v1\/?p=6837"},"modified":"2025-12-19T11:20:21","modified_gmt":"2025-12-19T14:20:21","slug":"planifican-tareas-de-combate-al-contrabando-entre-diversas-instituciones","status":"publish","type":"post","link":"https:\/\/www.mtess.gov.py\/?p=6837","title":{"rendered":"Planifican tareas de combate al contrabando entre diversas instituciones"},"content":{"rendered":"<div id=\"ccm-layout-column-1\" class=\"ccm-layout-column\">\n<div class=\"ccm-layout-column-inner\">La ministra de Trabajo, M\u00f3nica Recalde De Giacomi, particip\u00f3 hoy de la primera reuni\u00f3n del Plan Anticontrabando del Gobierno, que tuvo lugar en la sede de la Direcci\u00f3n Nacional de Ingresos Tributarios (DNIT) y en la que estuvieron tambi\u00e9n varios ministros del Poder Ejecutivo, as\u00ed como jefes de las Fuerzas P\u00fablicas. Fue presidido por el director general de esta dependencia del Estado, \u00d3scar Oru\u00e9.<\/div>\n<\/div>\n<div id=\"ccm-layout-column-2\" class=\"ccm-layout-column\"><\/div>\n<p data-path-to-node=\"2\">En la ocasi\u00f3n, analizaron la situaci\u00f3n actual del tr\u00e1fico de productos sin documentaci\u00f3n legal y sentaron posici\u00f3n sobre acciones coordinadas entre las diversas instituciones para el combate de este flagelo, que perjudica a las arcas del Estado y a la generaci\u00f3n de puestos de trabajo en las industrias nacionales y <span class=\"citation-2372 citation-end-2372\">otros sectores del comercio.<\/span><\/p>\n<p data-path-to-node=\"3\"><span class=\"citation-2371\">Los ejes estrat\u00e9gicos del <\/span><b data-path-to-node=\"3\" data-index-in-node=\"26\"><span class=\"citation-2371\">Plan Anticontrabando<\/span><\/b><span class=\"citation-2371 citation-end-2371\"> apuntan principalmente a:<\/span><\/p>\n<ul data-path-to-node=\"4\">\n<li>\n<p data-path-to-node=\"4,0,0\"><b data-path-to-node=\"4,0,0\" data-index-in-node=\"0\"><span class=\"citation-2370\">La prevenci\u00f3n:<\/span><\/b><span class=\"citation-2370 citation-end-2370\"> para desalentar pr\u00e1cticas il\u00edcitas.<\/span><\/p>\n<\/li>\n<li>\n<p data-path-to-node=\"4,1,0\"><b data-path-to-node=\"4,1,0\" data-index-in-node=\"0\"><span class=\"citation-2369\">La represi\u00f3n:<\/span><\/b><span class=\"citation-2369 citation-end-2369\"> para la incautaci\u00f3n de mercader\u00edas de contrabando<\/span>.<\/p>\n<\/li>\n<li>\n<p data-path-to-node=\"4,2,0\"><b data-path-to-node=\"4,2,0\" data-index-in-node=\"0\"><span class=\"citation-2368\">La concientizaci\u00f3n:<\/span><\/b><span class=\"citation-2368 citation-end-2368\"> para generar actitudes negativas frente a la evasi\u00f3n.<\/span><\/p>\n<\/li>\n<\/ul>\n<p data-path-to-node=\"5\"><span class=\"citation-2367 citation-end-2367\">Oru\u00e9 explic\u00f3 que, a la par de la persecuci\u00f3n del contrabando, tambi\u00e9n se buscar\u00e1 dar soluci\u00f3n a la problem\u00e1tica de la falta de empleo de la<\/span>s personas que se dedican al microcontrabando, de manera que puedan acceder a otras fuentes de ingresos. Dijo que el trabajo de represi\u00f3n ser\u00e1 firme y sostenido, pero sobre todo coordinado.<\/p>\n<div class=\"source-inline-chip-container ng-star-inserted\"><\/div>\n<p data-path-to-node=\"6\">\u201cEl flagelo del contrabando afecta no solamente al comercio y a la industria, sino principalmente a las empresas que est\u00e1n queriendo competir legalmente. Esa competencia desleal que genera el contrabando afecta no solo los ingresos del Estado, sino principalmente a aquellas empresas que cumplen con todas las reglas\u201d, subray\u00f3 Oru\u00e9.<\/p>\n","protected":false},"excerpt":{"rendered":"<p>La ministra de Trabajo, M\u00f3nica Recalde De Giacomi, particip\u00f3 hoy de la primera reuni\u00f3n del Plan Anticontrabando del Gobierno, que tuvo lugar en la sede de la Direcci\u00f3n Nacional de Ingresos Tributarios (DNIT) y en la que estuvieron tambi\u00e9n varios ministros del Poder Ejecutivo, as\u00ed como jefes de las Fuerzas P\u00fablicas. Fue presidido por el director general de esta dependencia del Estado, \u00d3scar Oru\u00e9.<\/p>\n","protected":false},"author":7,"featured_media":27570,"comment_status":"open","ping_status":"open","sticky":false,"template":"","format":"standard","meta":{"_acf_changed":false,"_uag_custom_page_level_css":"","footnotes":""},"categories":[1],"tags":[],"class_list":["post-6837","post","type-post","status-publish","format-standard","has-post-thumbnail","hentry","category-sin-categoria"],"acf":[],"uagb_featured_image_src":{"full":["https:\/\/www.mtess.gov.py\/wp-content\/uploads\/2023\/08\/Reunion_de_Plan_Anticontrabando_en_DNIT_29-08-23-20240926-183500.jpg",1620,1080,false],"thumbnail":["https:\/\/www.mtess.gov.py\/wp-content\/uploads\/2023\/08\/Reunion_de_Plan_Anticontrabando_en_DNIT_29-08-23-20240926-183500-150x150.jpg",150,150,true],"medium":["https:\/\/www.mtess.gov.py\/wp-content\/uploads\/2023\/08\/Reunion_de_Plan_Anticontrabando_en_DNIT_29-08-23-20240926-183500-300x200.jpg",300,200,true],"medium_large":["https:\/\/www.mtess.gov.py\/wp-content\/uploads\/2023\/08\/Reunion_de_Plan_Anticontrabando_en_DNIT_29-08-23-20240926-183500-768x512.jpg",768,512,true],"large":["https:\/\/www.mtess.gov.py\/wp-content\/uploads\/2023\/08\/Reunion_de_Plan_Anticontrabando_en_DNIT_29-08-23-20240926-183500-300x200.jpg",300,200,true],"1536x1536":["https:\/\/www.mtess.gov.py\/wp-content\/uploads\/2023\/08\/Reunion_de_Plan_Anticontrabando_en_DNIT_29-08-23-20240926-183500-1536x1024.jpg",1536,1024,true],"2048x2048":["https:\/\/www.mtess.gov.py\/wp-content\/uploads\/2023\/08\/Reunion_de_Plan_Anticontrabando_en_DNIT_29-08-23-20240926-183500.jpg",1620,1080,false],"depicter-thumbnail":["https:\/\/www.mtess.gov.py\/wp-content\/uploads\/2023\/08\/Reunion_de_Plan_Anticontrabando_en_DNIT_29-08-23-20240926-183500.jpg",200,133,false]},"uagb_author_info":{"display_name":"Lucas Santacruz","author_link":"https:\/\/www.mtess.gov.py\/?author=7"},"uagb_comment_info":0,"uagb_excerpt":"La ministra de Trabajo, M\u00f3nica Recalde De Giacomi, particip\u00f3 hoy de la primera reuni\u00f3n del Plan Anticontrabando del Gobierno, que tuvo lugar en la sede de la Direcci\u00f3n Nacional de Ingresos Tributarios (DNIT) y en la que estuvieron tambi\u00e9n varios ministros del Poder Ejecutivo, as\u00ed como jefes de las Fuerzas P\u00fablicas. Fue presidido por el&hellip;","_links":{"self":[{"href":"https:\/\/www.mtess.gov.py\/index.php?rest_route=\/wp\/v2\/posts\/6837","targetHints":{"allow":["GET"]}}],"collection":[{"href":"https:\/\/www.mtess.gov.py\/index.php?rest_route=\/wp\/v2\/posts"}],"about":[{"href":"https:\/\/www.mtess.gov.py\/index.php?rest_route=\/wp\/v2\/types\/post"}],"author":[{"embeddable":true,"href":"https:\/\/www.mtess.gov.py\/index.php?rest_route=\/wp\/v2\/users\/7"}],"replies":[{"embeddable":true,"href":"https:\/\/www.mtess.gov.py\/index.php?rest_route=%2Fwp%2Fv2%2Fcomments&post=6837"}],"version-history":[{"count":1,"href":"https:\/\/www.mtess.gov.py\/index.php?rest_route=\/wp\/v2\/posts\/6837\/revisions"}],"predecessor-version":[{"id":34430,"href":"https:\/\/www.mtess.gov.py\/index.php?rest_route=\/wp\/v2\/posts\/6837\/revisions\/34430"}],"wp:featuredmedia":[{"embeddable":true,"href":"https:\/\/www.mtess.gov.py\/index.php?rest_route=\/wp\/v2\/media\/27570"}],"wp:attachment":[{"href":"https:\/\/www.mtess.gov.py\/index.php?rest_route=%2Fwp%2Fv2%2Fmedia&parent=6837"}],"wp:term":[{"taxonomy":"category","embeddable":true,"href":"https:\/\/www.mtess.gov.py\/index.php?rest_route=%2Fwp%2Fv2%2Fcategories&post=6837"},{"taxonomy":"post_tag","embeddable":true,"href":"https:\/\/www.mtess.gov.py\/index.php?rest_route=%2Fwp%2Fv2%2Ftags&post=6837"}],"curies":[{"name":"wp","href":"https:\/\/api.w.org\/{rel}","templated":true}]}}